{"id":131410,"date":"2025-05-27T09:15:15","date_gmt":"2025-05-27T09:15:15","guid":{"rendered":"https:\/\/www.europesays.com\/fr\/131410\/"},"modified":"2025-05-27T09:15:15","modified_gmt":"2025-05-27T09:15:15","slug":"daniel-radcliffe-a-de-lhumour-mais-non-il-ne-jouera-pas-ce-personnage-culte-dans-la-serie-a-venir","status":"publish","type":"post","link":"https:\/\/www.europesays.com\/fr\/131410\/","title":{"rendered":"Daniel Radcliffe a de l\u2019humour mais, non, il ne jouera pas ce personnage culte dans la s\u00e9rie \u00e0 venir"},"content":{"rendered":"<p>Si Daniel Radcliffe en a sans doute marre de r\u00e9pondre \u00e0 cette question sur sa participation \u00e9ventuelle \u00e0 la s\u00e9rie Harry Potter, il ne manque pas d\u2019humour ! <\/p>\n<p>Depuis l\u2019annonce d\u2019une<a href=\"https:\/\/www.programme-tv.net\/news\/series-tv\/348110-serie-harry-potter-tournage-casting-toutes-les-informations-deja-connues-sur-la-serie-evenement\/\" data-api-deeplink=\"teleloisirs:\/\/news\/348110\" target=\"_blank\" rel=\"noopener\"> s\u00e9rie Harry Potter,<\/a> d\u00e9velopp\u00e9e par la cha\u00eene HBO, les rumeurs vont bon train sur les noms des acteurs qui auront la lourde charge de succ\u00e9der \u00e0 ceux qui ont rendu la saga inoubliable au cin\u00e9ma. Surtout, les fans se demandent si certains d\u2019entre eux, \u00e0 commencer par Daniel Radcliffe, <a href=\"https:\/\/www.programme-tv.net\/biographie\/10235-watson-emma\/\" data-link-people=\"5d78c42b-e681-4eb4-a5f7-b4a9f74d1928\" target=\"_blank\" rel=\"noopener\">Emma Watson<\/a> et <a href=\"https:\/\/www.programme-tv.net\/biographie\/10234-grint-rupert\/\" data-link-people=\"b0378d8a-6425-4582-82fd-6d031f4d82aa\" target=\"_blank\" rel=\"noopener\">Rupert Grint<\/a>, tiendront un r\u00f4le ou feront une apparition dans la s\u00e9rie ? Interview\u00e9 par le compte The Movie Dweeb sur TikTok, \u00e0 propos des rumeurs selon lesquelles <a href=\"https:\/\/www.programme-tv.net\/news\/cinema\/326992-une-vraie-baffe-la-gifle-demma-watson-qui-a-fait-pleurer-tom-felton-sur-le-tournage-dharry-potter\/\" data-api-deeplink=\"teleloisirs:\/\/news\/326992\" target=\"_blank\" rel=\"noopener\">Tom Felton, alias Drago Malfoy<\/a>, pourrait jouer le p\u00e8re de ce dernier, Lucius, <a href=\"https:\/\/www.programme-tv.net\/news\/cinema\/363061-harry-potter-quel-est-le-film-prefere-de-daniel-radcliffe-dans-la-saga\/\" data-api-deeplink=\"teleloisirs:\/\/news\/363061\" target=\"_blank\" rel=\"noopener\">Daniel Radcliffe <\/a>a accept\u00e9 de r\u00e9fl\u00e9chir \u00e0 quel autre personnage de la saga il pourrait jouer, s\u2019il \u00e9tait amen\u00e9 \u00e0 tenir un r\u00f4le dans la s\u00e9rie \u00e0 venir. Apr\u00e8s avoir r\u00e9fl\u00e9chi quelques secondes, Daniel Radcliffe a finalement opt\u00e9 pour \u00ab\u00a0un portrait qui bouge\u00a0\u00bb, l\u2019un de ces nombreux tableaux qui ornent les murs de l\u2019\u00e9cole de magie Poudlard. \u00ab\u00a0J\u2019essaye de penser \u00e0 un r\u00f4le marrant, qui ne repr\u00e9sente pas beaucoup de jours de tournage\u00a0\u00bb, a expliqu\u00e9 <a href=\"https:\/\/www.programme-tv.net\/news\/people\/323470-daniel-radcliffe-bientot-papa-la-star-de-harry-potter-et-sa-compagne-attendent-un-enfant\/\" data-api-deeplink=\"teleloisirs:\/\/news\/323470\" target=\"_blank\" rel=\"noopener\">Daniel Radcliffe, devenu jeune papa.<\/a><\/p>\n<p>                        \u00ab\u00a0Il n\u2019y a aucun monde dans lequel je jouerais ce personnage\u00a0\u00bb : non, Daniel Radcliffe ne sera pas Sirius Black dans la s\u00e9rie Harry Potter <\/p>\n<p>Mais l\u2019acteur a ensuite eu une autre id\u00e9e qui devrait, elle, beaucoup plus plaire aux fans. \u00ab\u00a0J\u2019ai toujours pens\u00e9, a-t-il commenc\u00e9, l\u2019un des personnages g\u00e9niaux dans la saga, c\u2019est<a href=\"https:\/\/www.programme-tv.net\/news\/cinema\/360886-harry-potter-ce-gros-regret-de-gary-oldman-a-propos-de-son-personnage-culte-de-sirius-black\/\" data-api-deeplink=\"teleloisirs:\/\/news\/360886\" target=\"_blank\" rel=\"noopener\"> Sirius Black<\/a>, c\u2019est super cool bien s\u00fbr.\u00a0\u00bb Cependant, l\u2019acteur a tr\u00e8s vite douch\u00e9 les espoirs des fans, qui d\u00e9sesp\u00e8rent de le voir reprendre un r\u00f4le dans la s\u00e9rie Harry Potter, avec la suite de sa r\u00e9ponse. \u00ab\u00a0Je peux vous le dire, il n\u2019y a aucun monde dans lequel je jouerais ce personnage\u00a0\u00bb. L\u2019acteur a conclu, avec humour : \u00ab\u00a0Mais je peux vous donner ce gros titre \u2018Dan Radcliffe d\u00e9clare que Sirius Black serait marrant \u00e0 jouer, mais il ne le fera pas\u2019\u00a0\u00bb. Une mani\u00e8re de r\u00e9pondre avec humour \u00e0 cette question \u00e0 laquelle il doit tr\u00e8s souvent \u00eatre confront\u00e9 depuis que HBO a officialis\u00e9 la s\u00e9rie adapt\u00e9e des romans de <a href=\"https:\/\/www.programme-tv.net\/biographie\/246232-rowling-j-k\/\" data-link-people=\"ae1dc87f-3916-450f-9293-4c21f1c3a357\" target=\"_blank\" rel=\"noopener\">J.K. Rowling<\/a>.<\/p>\n<p>32 000 enfants auditionn\u00e9s pour trouver les interpr\u00e8tes de Harry, Ron et Hermione<\/p>\n<p>Il semble assez clair que <a href=\"https:\/\/www.programme-tv.net\/news\/series-tv\/353445-harry-potter-daniel-radcliffe-revele-s-il-va-jouer-dans-la-serie-derivee-de-la-saga\/\" data-api-deeplink=\"teleloisirs:\/\/news\/353445\" target=\"_blank\" rel=\"noopener\">Daniel Radcliffe ne fera pas d\u2019apparition<\/a>, malgr\u00e9 le souhait des fans, dans la s\u00e9rie Harry Potter. S\u2019il faudra encore patienter avant de d\u00e9couvrir l\u2019identit\u00e9 des enfants qui joueront Harry, Hermione et Ron, pour lesquels pr\u00e8s de 32 000 enfants ont pass\u00e9 les auditions,<a href=\"https:\/\/www.programme-tv.net\/news\/series-tv\/376752-serie-harry-potter-on-connait-enfin-le-casting-officiel-de-la-serie-hbo\/\" data-api-deeplink=\"teleloisirs:\/\/news\/376752\" target=\"_blank\" rel=\"noopener\"> les premiers noms des adultes ont \u00e9t\u00e9 d\u00e9voil\u00e9s,<\/a> et notamment celui qui jouera Dumbledore. Ainsi,<a href=\"https:\/\/www.programme-tv.net\/news\/series-tv\/372289-serie-harry-potter-on-connait-le-nom-de-l-acteur-qui-va-incarner-dumbledore\/\" data-api-deeplink=\"teleloisirs:\/\/news\/372289\" target=\"_blank\" rel=\"noopener\"> l\u2019acteur Jonathan Lithgow succ\u00e9dera \u00e0 Richard Harris et Michael Gamblon <\/a>dans le r\u00f4le du directeur de Poudlard. Le tournage devrait commencer cet \u00e9t\u00e9.<\/p>\n","protected":false},"excerpt":{"rendered":"Si Daniel Radcliffe en a sans doute marre de r\u00e9pondre \u00e0 cette question sur sa participation \u00e9ventuelle \u00e0&hellip;\n","protected":false},"author":2,"featured_media":131411,"comment_status":"","ping_status":"","sticky":false,"template":"","format":"standard","meta":{"footnotes":""},"categories":[1354],"tags":[244,22137,58,59,1346,1011,27,6610,25561,5371,1360,10395,4496,129],"class_list":{"0":"post-131410","1":"post","2":"type-post","3":"status-publish","4":"format-standard","5":"has-post-thumbnail","7":"category-films","8":"tag-commentaire","9":"tag-daniel-radcliffe","10":"tag-divertissement","11":"tag-entertainment","12":"tag-films","13":"tag-fr","14":"tag-france","15":"tag-harry-potter","16":"tag-harry-potter-u00e0-lu00e9cole-des-sorciers","17":"tag-hbo-max","18":"tag-movies","19":"tag-pub-streaming","20":"tag-superstream","21":"tag-svod"},"share_on_mastodon":{"url":"https:\/\/pubeurope.com\/@fr\/114579041410853556","error":""},"_links":{"self":[{"href":"https:\/\/www.europesays.com\/fr\/wp-json\/wp\/v2\/posts\/131410","targetHints":{"allow":["GET"]}}],"collection":[{"href":"https:\/\/www.europesays.com\/fr\/wp-json\/wp\/v2\/posts"}],"about":[{"href":"https:\/\/www.europesays.com\/fr\/wp-json\/wp\/v2\/types\/post"}],"author":[{"embeddable":true,"href":"https:\/\/www.europesays.com\/fr\/wp-json\/wp\/v2\/users\/2"}],"replies":[{"embeddable":true,"href":"https:\/\/www.europesays.com\/fr\/wp-json\/wp\/v2\/comments?post=131410"}],"version-history":[{"count":0,"href":"https:\/\/www.europesays.com\/fr\/wp-json\/wp\/v2\/posts\/131410\/revisions"}],"wp:featuredmedia":[{"embeddable":true,"href":"https:\/\/www.europesays.com\/fr\/wp-json\/wp\/v2\/media\/131411"}],"wp:attachment":[{"href":"https:\/\/www.europesays.com\/fr\/wp-json\/wp\/v2\/media?parent=131410"}],"wp:term":[{"taxonomy":"category","embeddable":true,"href":"https:\/\/www.europesays.com\/fr\/wp-json\/wp\/v2\/categories?post=131410"},{"taxonomy":"post_tag","embeddable":true,"href":"https:\/\/www.europesays.com\/fr\/wp-json\/wp\/v2\/tags?post=131410"}],"curies":[{"name":"wp","href":"https:\/\/api.w.org\/{rel}","templated":true}]}}