{"id":131422,"date":"2025-05-27T09:21:10","date_gmt":"2025-05-27T09:21:10","guid":{"rendered":"https:\/\/www.europesays.com\/fr\/131422\/"},"modified":"2025-05-27T09:21:10","modified_gmt":"2025-05-27T09:21:10","slug":"la-parade-de-liverpool-vire-a-lhorreur-des-temoins-racontent-le-chaos-apres-quune-voiture-a-fonce-dans-la-foule","status":"publish","type":"post","link":"https:\/\/www.europesays.com\/fr\/131422\/","title":{"rendered":"La parade de Liverpool vire \u00e0 l\u2019horreur, des t\u00e9moins racontent le chaos apr\u00e8s qu\u2019une voiture a fonc\u00e9 dans la foule"},"content":{"rendered":"<p>        <img decoding=\"async\" loading=\"lazy\" src=\"https:\/\/www.europesays.com\/fr\/wp-content\/uploads\/2025\/05\/a619e9e_sirius-fs-upload-1-w2k1vmbtoese-1748324806916-000-488d2db.jpg\"  width=\"728\" height=\"409\" alt=\"Des membres des services d\u2019urgence sur les lieux de l\u2019incident, en marge du d\u00e9fil\u00e9 de victoire du club de football de Liverpool en Premier League.\"\/>  <\/p>\n<p>PAUL ELLIS \/ AFP<\/p>\n<p>Des membres des services d\u2019urgence sur les lieux de l\u2019incident, en marge du d\u00e9fil\u00e9 de victoire du club de football de Liverpool en Premier League.<\/p>\n<p class=\"asset asset-text\">INTERNATIONAL &#8211; R\u00e9veil difficile \u00e0 Liverpool. Au lendemain des \u00ab\u00a0sc\u00e8nes \u00e9pouvantables\u00a0\u00bb qui se sont d\u00e9roul\u00e9es lors de la parade de c\u00e9l\u00e9bration du <a href=\"https:\/\/www.huffingtonpost.fr\/politique\/article\/gerald-darmanin-presente-enfin-ses-excuses-aux-fans-de-liverpool-pour-le-fiasco-du-stade-de-france_249631.html\" target=\"_blank\" rel=\"noopener\">club de football de Liverpool<\/a> dans les rues de cette <a href=\"https:\/\/www.huffingtonpost.fr\/international\/video\/a-liverpool-un-incendie-impressionnant-engloutit-un-immeuble-du-centre-ville_228972.html\" target=\"_blank\" rel=\"noopener\">ville du nord de l\u2019Angleterre<\/a>, les supporters et simples spectateurs qui \u00e9taient venus passer un moment de joie commencent \u00e0 mettre des mots sur ce qu\u2019ils ont v\u00e9cu lundi 26\u00a0mai.<\/p>\n<p class=\"asset asset-text\">En d\u00e9but de soir\u00e9e, alors que les festivit\u00e9s en l\u2019honneur de l\u2019\u00e9quipe championne de<a href=\"https:\/\/www.huffingtonpost.fr\/sport\/article\/ce-footballeur-anglais-est-si-jeune-qu-il-n-a-pas-eu-le-droit-de-porter-le-meme-maillot-que-son-equipe_248560.html\" target=\"_blank\" rel=\"noopener\"> Premier League<\/a> se d\u00e9roulaient dans la joie et la bonne humeur, plusieurs dizaines de pi\u00e9tons ont \u00e9t\u00e9 fauch\u00e9s par un v\u00e9hicule qui a fonc\u00e9 dans la foule. Le bilan fait \u00e9tat de 50 bless\u00e9s dont quatre graves, selon le dernier point des autorit\u00e9s britanniques sur l\u2019affaire, qui n\u2019est toutefois pas trait\u00e9e comme un acte \u00ab\u00a0terroriste\u00a0\u00bb.<\/p>\n<p class=\"asset asset-text\">\u00ab\u00a0J\u2019ai pass\u00e9 une journ\u00e9e formidable, mais maintenant, je ne veux m\u00eame pas penser \u00e0 ce que je viens de voir\u00a0\u00bb, raconte au <a href=\"https:\/\/www.theguardian.com\/uk-news\/2025\/may\/26\/a-day-of-joy-and-celebration-for-liverpool-turned-into-one-of-horror\" target=\"_blank\" rel=\"noopener\" title=\"Nouvelle fen\u00eatre\">Guardian<\/a> un homme bless\u00e9 lors de la parade. Aupr\u00e8s de la <a href=\"https:\/\/www.bbc.com\/news\/articles\/cy0jvepd1p2o\" target=\"_blank\" rel=\"noopener\" title=\"Nouvelle fen\u00eatre\">BBC<\/a>, un autre t\u00e9moin de cette sc\u00e8ne de chaos dans les rues de Liverpool retrace comment lui et sa fille ont \u00e9chapp\u00e9 de peu \u00e0 cette voiture. \u00ab\u00a0Nous venions juste de regarder les feux d\u2019artifice exploser\u00a0\u00bb, \u00e9voque Matt Col, justement journaliste pour la BBC mais simplement venu assister \u00e0 ce moment en famille lundi soir. Se rem\u00e9morant \u00ab\u00a0des cris\u00a0\u00bb avant que \u00ab\u00a0cette voiture fonce \u00e0 travers la foule\u00a0\u00bb, il indique ne pas s\u2019\u00eatre arr\u00eat\u00e9. \u00ab\u00a0J\u2019ai r\u00e9ussi \u00e0 attraper ma fille et \u00e0 sauter hors du chemin. Il nous a manqu\u00e9, moi et ma famille, de quelques centim\u00e8tres.\u00a0\u00bb<\/p>\n<p class=\"asset asset-text\">\u00ab\u00a0Alors qu\u2019il (le conducteur du v\u00e9hicule) passait devant moi, il \u00e9tait poursuivi par un groupe d\u2019hommes qui essayaient de le frapper sur le c\u00f4t\u00e9 et de lui jeter des objets\u00a0\u00bb, ajoute-t-il en pr\u00e9cisant que le pare-brise arri\u00e8re avait \u00e9t\u00e9 \u00ab\u00a0compl\u00e8tement bris\u00e9\u00a0\u00bb, probablement pour la stopper ou arr\u00eater le conducteur. Harry Rashid, 48\u00a0ans, \u00e9voque aupr\u00e8s de l\u2019agence de presse PA un moment \u00ab\u00a0extr\u00eamement rapide\u00a0\u00bb. \u00ab\u00a0Au d\u00e9but, nous avons juste entendu le pop, pop, pop de personnes qui \u00e9taient simplement projet\u00e9es du capot d\u2019une voiture\u2026 J\u2019ai vu des gens allong\u00e9s sur le sol, des gens inconscients\u00a0\u00bb. \u00ab\u00a0C\u2019\u00e9tait horrible. Tellement horrible\u00a0\u00bb, ajoute-t-il.<\/p>\n<p>                     \u00ab\u00a0C\u2019est la pire chose que j\u2019aie jamais vue de ma vie\u00a0\u00bb    <\/p>\n<p class=\"asset asset-text\">\u00ab\u00a0Ce qui \u00e9tait autrefois une atmosph\u00e8re de f\u00eate, de joie et de bonheur s\u2019est soudainement transform\u00e9 en peur, en terreur et en incr\u00e9dulit\u00e9\u00a0\u00bb, t\u00e9moigne un autre journaliste de la BBC pr\u00e9sent en dehors de ses heures de travail, qui dit avoir vu les lieux se transformer en \u00ab\u00a0enfer sur Terre\u00a0\u00bb. Natasha Rinaldi, elle, se trouvait chez une amie, dont le balcon surplombait la parade. Elle raconte \u00e0 <a href=\"https:\/\/news.sky.com\/story\/man-detained-after-car-hits-several-pedestrians-during-liverpool-fc-trophy-parade-13374978\" target=\"_blank\" rel=\"noopener\" title=\"Nouvelle fen\u00eatre\">Sky News<\/a> avoir d\u2019abord vu des gens qui \u00ab\u00a0s\u2019amusaient beaucoup\u00a0\u00bb. \u00ab\u00a0Puis nous avons entendu des cris, des hurlements. C\u2019\u00e9tait tr\u00e8s fort. Les gens semblaient d\u00e9sesp\u00e9r\u00e9s. Puis nous avons regard\u00e9 par la fen\u00eatre et nous avons vu qu\u2019une voiture avait renvers\u00e9 des gens et qu\u2019une femme \u00e9tait coinc\u00e9e dessus\u00a0\u00bb.<\/p>\n<p class=\"asset asset-text\">\u00ab\u00a0Les gens se sont pr\u00e9cipit\u00e9s pour poursuivre le conducteur et ont essay\u00e9 de casser la voiture. La police a alors tent\u00e9 de les bloquer, faisant tout ce qu\u2019elle pouvait pour repousser les gens\u2026\u00a0\u00bb, d\u00e9crit \u00e9galement cette femme, dont plusieurs amis se trouvaient en bas, tout proche de la voiture \u00e0 l\u2019origine de cette \u00ab\u00a0sc\u00e8ne horrible\u00a0\u00bb.<\/p>\n<p class=\"asset asset-text\">\u00ab\u00a0C\u2019est la pire chose que j\u2019aie jamais vue de ma vie, on voit \u00e7a \u00e0 la t\u00e9l\u00e9vision. C\u2019est pour \u00e7a que tous les enfants pleurent, parce qu\u2019ils ont \u00e9t\u00e9 t\u00e9moins. Je suis traumatis\u00e9\u00a0\u00bb, a \u00e9galement t\u00e9moign\u00e9 dans le Guardian Craig Steward, 52\u00a0ans. Qui estime que la dur\u00e9e de l\u2019incident a dur\u00e9 entre 20\u00a0et 30\u00a0secondes.<\/p>\n<p class=\"asset asset-text\">La police britannique a indiqu\u00e9 avoir interpell\u00e9 le conducteur du v\u00e9hicule, \u00ab\u00a0un homme blanc britannique de 53\u00a0ans de la r\u00e9gion de\u00a0Liverpool\u00a0\u00bb. \u00ab\u00a0Nous pensons qu\u2019il s\u2019agit d\u2019un incident isol\u00e9, et nous ne cherchons actuellement personne d\u2019autre. L\u2019incident n\u2019est pas trait\u00e9 comme un acte de terrorisme\u00a0\u00bb, a assur\u00e9\u00a0Jenny Sims, cheffe de la police du Merseyside, lors d\u2019une conf\u00e9rence de presse organis\u00e9e tard dans la nuit.<\/p>\n","protected":false},"excerpt":{"rendered":"PAUL ELLIS \/ AFP Des membres des services d\u2019urgence sur les lieux de l\u2019incident, en marge du d\u00e9fil\u00e9&hellip;\n","protected":false},"author":2,"featured_media":131423,"comment_status":"","ping_status":"","sticky":false,"template":"","format":"standard","meta":{"footnotes":""},"categories":[5],"tags":[11,1011,27,14,3490,12,473,1015,4752,28],"class_list":{"0":"post-131422","1":"post","2":"type-post","3":"status-publish","4":"format-standard","5":"has-post-thumbnail","7":"category-international","8":"tag-actualites","9":"tag-fr","10":"tag-france","11":"tag-international","12":"tag-liverpool","13":"tag-news","14":"tag-royaume-uni","15":"tag-supporter","16":"tag-voiture","17":"tag-world"},"share_on_mastodon":{"url":"https:\/\/pubeurope.com\/@fr\/114579064994885409","error":""},"_links":{"self":[{"href":"https:\/\/www.europesays.com\/fr\/wp-json\/wp\/v2\/posts\/131422","targetHints":{"allow":["GET"]}}],"collection":[{"href":"https:\/\/www.europesays.com\/fr\/wp-json\/wp\/v2\/posts"}],"about":[{"href":"https:\/\/www.europesays.com\/fr\/wp-json\/wp\/v2\/types\/post"}],"author":[{"embeddable":true,"href":"https:\/\/www.europesays.com\/fr\/wp-json\/wp\/v2\/users\/2"}],"replies":[{"embeddable":true,"href":"https:\/\/www.europesays.com\/fr\/wp-json\/wp\/v2\/comments?post=131422"}],"version-history":[{"count":0,"href":"https:\/\/www.europesays.com\/fr\/wp-json\/wp\/v2\/posts\/131422\/revisions"}],"wp:featuredmedia":[{"embeddable":true,"href":"https:\/\/www.europesays.com\/fr\/wp-json\/wp\/v2\/media\/131423"}],"wp:attachment":[{"href":"https:\/\/www.europesays.com\/fr\/wp-json\/wp\/v2\/media?parent=131422"}],"wp:term":[{"taxonomy":"category","embeddable":true,"href":"https:\/\/www.europesays.com\/fr\/wp-json\/wp\/v2\/categories?post=131422"},{"taxonomy":"post_tag","embeddable":true,"href":"https:\/\/www.europesays.com\/fr\/wp-json\/wp\/v2\/tags?post=131422"}],"curies":[{"name":"wp","href":"https:\/\/api.w.org\/{rel}","templated":true}]}}