{"id":131444,"date":"2025-05-27T09:32:08","date_gmt":"2025-05-27T09:32:08","guid":{"rendered":"https:\/\/www.europesays.com\/fr\/131444\/"},"modified":"2025-05-27T09:32:08","modified_gmt":"2025-05-27T09:32:08","slug":"les-sandos-detonnants-sandwichs-japonais","status":"publish","type":"post","link":"https:\/\/www.europesays.com\/fr\/131444\/","title":{"rendered":"les sandos, d&rsquo;\u00e9tonnants sandwichs japonais"},"content":{"rendered":"<p>            Par<br \/>\n        <strong><br \/>\n            <a href=\"https:\/\/actu.fr\/auteur\/adrien-filoche\" title=\"Consulter tous les articles de Adrien Filoche\" rel=\"nofollow noopener\" target=\"_blank\">Adrien Filoche<\/a><br \/>\n        <\/strong><\/p>\n<p>        Publi\u00e9 le<\/p>\n<p>            27 mai 2025 \u00e0 11h12        <\/p>\n<p>Bien implant\u00e9 \u00e0 Rouen, <a href=\"https:\/\/actu.fr\/normandie\/rouen_76540\/un-nouveau-restaurant-a-rouen-decouvrez-mizu-l-authentique-bistrot-japonais_57244502.html\" rel=\"nofollow noopener\" target=\"_blank\">le restaurant Mizu<\/a> de la rue Ecuy\u00e8re a lanc\u00e9 depuis peu un nouveau concept\u2009: les sandos, <strong>des sandwichs \u00e0 la mode street-food japonaise<\/strong>. \u00ab\u2009On l\u2019a mis une fois \u00e0 la carte et \u00e7a a bien fonctionn\u00e9, alors on a voulu proposer \u00e7a de mani\u00e8re permanente\u2009\u00bb, d\u00e9taille Brian Barboyon, l\u2019un des g\u00e9rants de l\u2019\u00e9tablissement.<\/p>\n<p>Uniquement \u00e0 emporter<\/p>\n<p class=\" wall-content\">Petite particularit\u00e9, les sandossont aujourd\u2019hui uniquement disponibles \u00e0 la vente \u00e0 emporter. \u00ab\u2009On peut commander en nous appelant par t\u00e9l\u00e9phone ou via notre site ou bien se faire livrer en passant par Uber Eats\u2009\u00bb, souligne Brian.<\/p>\n<p class=\" wall-content\">Sur la carte, on retrouve<strong> quatre sandwichs diff\u00e9rents aux saveurs asiatiques <\/strong>\u2014 le pain provient du Meilleur Ouvrier de France Christophe Cressent \u2014 avec en base du porc, du poulet, des gambas pan\u00e9es, ou encore une option v\u00e9g\u00e9tarienne. De quoi tester plusieurs versions de ce classique de la street-food japonaise.<\/p>\n<p class=\" wall-content\">Du c\u00f4t\u00e9 des prix, <strong>comptez entre 10 et 15\u00a0euros<\/strong>. \u00ab\u2009On voulait que tout le monde puisse s\u2019y retrouver\u2009\u00bb, insiste le g\u00e9rant.<\/p>\n<p class=\" wall-content\">Il est \u00e9galement possible de commander en plus deux accompagnements\u2009: des concombres marin\u00e9s ou bien des karaage, les fameux morceaux de poulet marin\u00e9s et pan\u00e9s \u00e0 la japonaise.<\/p>\n<p>Vid\u00e9os : en ce moment sur Actu<\/p>\n<p class=\" wall-content\">Les plus gros mangeurs pourront compl\u00e9ter leur menu avec un dessert, au choix entre le cheesecake s\u00e9same noir ou la cr\u00e8me yuzu, que l\u2019on retrouve \u00e0 table au bistro japonais. Itadakimasu\u2009!<\/p>\n<p>Suivez l\u2019actualit\u00e9 de Rouen sur <a href=\"https:\/\/www.whatsapp.com\/channel\/0029VaKfnf99hXF2ddApFB1D\" rel=\"nofollow noopener\" target=\"_blank\">notre cha\u00eene WhatsApp<\/a> et sur <a href=\"https:\/\/www.tiktok.com\/@76actu.fr?lang=fr\" rel=\"nofollow noopener\" target=\"_blank\">notre compte Tik Tok<\/a><\/p>\n<p class=\" wall-content\">Suivez toute l\u2019actualit\u00e9 de vos villes et m\u00e9dias favoris en vous inscrivant \u00e0 <a href=\"https:\/\/moncompte.actu.fr\" title=\"D\u00e9couvez Mon Actu\" rel=\"nofollow noopener\" data-trk=\"{&quot;cta&quot;:{&quot;action&quot;:&quot;https:\\\/\\\/moncompte.actu.fr&quot;,&quot;category&quot;:&quot;mon compte&quot;,&quot;from&quot;:&quot;article footer&quot;,&quot;name&quot;:&quot;Mon actu&quot;,&quot;type&quot;:&quot;cta&quot;}}\" target=\"_blank\">Mon Actu<\/a>.<\/p>\n<p>                    <script async src=\"\/\/www.tiktok.com\/embed.js\"><\/script><\/p>\n","protected":false},"excerpt":{"rendered":"Par Adrien Filoche Publi\u00e9 le 27 mai 2025 \u00e0 11h12 Bien implant\u00e9 \u00e0 Rouen, le restaurant Mizu de&hellip;\n","protected":false},"author":2,"featured_media":131445,"comment_status":"","ping_status":"","sticky":false,"template":"","format":"standard","meta":{"footnotes":""},"categories":[9587],"tags":[1111,11,9086,215,1777,674,1011,27,1652,12,5161,25,1340,9590],"class_list":{"0":"post-131444","1":"post","2":"type-post","3":"status-publish","4":"format-standard","5":"has-post-thumbnail","7":"category-rouen","8":"tag-actu","9":"tag-actualites","10":"tag-bon-plan-a-rouen","11":"tag-commerce","12":"tag-eu","13":"tag-europe","14":"tag-fr","15":"tag-france","16":"tag-loisirs-culture","17":"tag-news","18":"tag-normandie","19":"tag-republique-francaise","20":"tag-restaurant","21":"tag-rouen"},"share_on_mastodon":{"url":"https:\/\/pubeurope.com\/@fr\/114579108423349618","error":""},"_links":{"self":[{"href":"https:\/\/www.europesays.com\/fr\/wp-json\/wp\/v2\/posts\/131444","targetHints":{"allow":["GET"]}}],"collection":[{"href":"https:\/\/www.europesays.com\/fr\/wp-json\/wp\/v2\/posts"}],"about":[{"href":"https:\/\/www.europesays.com\/fr\/wp-json\/wp\/v2\/types\/post"}],"author":[{"embeddable":true,"href":"https:\/\/www.europesays.com\/fr\/wp-json\/wp\/v2\/users\/2"}],"replies":[{"embeddable":true,"href":"https:\/\/www.europesays.com\/fr\/wp-json\/wp\/v2\/comments?post=131444"}],"version-history":[{"count":0,"href":"https:\/\/www.europesays.com\/fr\/wp-json\/wp\/v2\/posts\/131444\/revisions"}],"wp:featuredmedia":[{"embeddable":true,"href":"https:\/\/www.europesays.com\/fr\/wp-json\/wp\/v2\/media\/131445"}],"wp:attachment":[{"href":"https:\/\/www.europesays.com\/fr\/wp-json\/wp\/v2\/media?parent=131444"}],"wp:term":[{"taxonomy":"category","embeddable":true,"href":"https:\/\/www.europesays.com\/fr\/wp-json\/wp\/v2\/categories?post=131444"},{"taxonomy":"post_tag","embeddable":true,"href":"https:\/\/www.europesays.com\/fr\/wp-json\/wp\/v2\/tags?post=131444"}],"curies":[{"name":"wp","href":"https:\/\/api.w.org\/{rel}","templated":true}]}}