{"id":131452,"date":"2025-05-27T09:36:17","date_gmt":"2025-05-27T09:36:17","guid":{"rendered":"https:\/\/www.europesays.com\/fr\/131452\/"},"modified":"2025-05-27T09:36:17","modified_gmt":"2025-05-27T09:36:17","slug":"a-rennes-la-nouvelle-boutique-tout-flamme-offre-une-autre-idee-de-la-fripe","status":"publish","type":"post","link":"https:\/\/www.europesays.com\/fr\/131452\/","title":{"rendered":"\u00e0 Rennes, la nouvelle boutique Tout Flamme offre une autre id\u00e9e de la fripe"},"content":{"rendered":"<p>            Par<br \/>\n        <strong><br \/>\n            <a href=\"https:\/\/actu.fr\/auteur\/laurene-fertin\" title=\"Consulter tous les articles de Laur\u00e8ne Fertin\" rel=\"nofollow noopener\" target=\"_blank\">Laur\u00e8ne Fertin<\/a><br \/>\n        <\/strong><\/p>\n<p>        Publi\u00e9 le<\/p>\n<p>            27 mai 2025 \u00e0 10h49        <\/p>\n<p>Les maillots de bain, accroch\u00e9s sur un petit portique, flottent au vent. <strong>Au 39 de la rue Poullain-Duparc,<\/strong> <strong>un <a href=\"https:\/\/actu.fr\/tag\/nouveaux-commerces\" rel=\"nofollow noopener\" target=\"_blank\">nouveau commerce<\/a><\/strong> a point\u00e9 le bout de son nez, discr\u00e8tement. Alors que la devanture n\u2019est pas encore tout \u00e0 fait finalis\u00e9e, les curieux (ses) p\u00e9n\u00e8trent doucement dans la boutique\u2009: tee-shirts, jupes, pantalons, gilets, robes, pulls en laine\u2026 \u00ab\u2009On a ouvert <strong>vendredi 16\u00a0mai\u2009\u00bb,<\/strong> indique <strong>H\u00e9lo\u00efse,<\/strong> aux c\u00f4t\u00e9s de <strong>Sol\u00e9a.<\/strong><\/p>\n<p>Se d\u00e9marquer<\/p>\n<p class=\" wall-content\">Si le duo est encore en rodage dans la boutique, les v\u00eatements de seconde main n\u2019ont plus tellement de secrets pour elles. D\u2019abord install\u00e9es provisoirement au 2, rue de Clisson \u00e0 Rennes, les deux associ\u00e9es ont finalement trouv\u00e9 <strong>un local<\/strong> qui leur permet de rester quelques mois \u2013<strong> \u00ab\u2009jusqu\u2019\u00e0 septembre, on l\u2019esp\u00e8re\u2009!\u2009\u00bb.<\/strong><\/p>\n<p class=\" wall-content\">Attention, on ne parle toutefois pas d\u2019un commerce \u00ab\u2009pop-up\u2009\u00bb qui, il y a quelque temps, avait le vent en poupe. Les deux amies, qui font par ailleurs partie du collectif de <a href=\"https:\/\/www.instagram.com\/les.surannees\/?hl=fr\" rel=\"nofollow noopener\" target=\"_blank\">friperies et brocantes nomades Les Surann\u00e9es,<\/a> ont d\u00e9cid\u00e9 de <strong>revoir leurs pratiques.<\/strong><\/p>\n<blockquote class=\"ac-article-quote wall-content\">\n<p>Il a fallu r\u00e9inventer le concept de la friperie. Les pop-up store n&rsquo;attirent plus les foules. Les gens s&rsquo;ennuient vite. Et puis, les friperies, ce n&rsquo;est pas ce qu&rsquo;il manque \u00e0 Rennes. <\/p>\n<p>    <strong>H\u00e9lo\u00efse<\/strong>\n            <\/p><\/blockquote>\n<p class=\" wall-content\">Changer d\u2019optique, <strong>apporter un autre regard<\/strong> au vintage\u2009: c\u2019est l\u2019id\u00e9e des deux comparses qui ont mis\u00e9 \u2013 en partie \u2013 sur la d\u00e9co. \u00ab\u2009On propose <strong>un d\u00e9cor de th\u00e9\u00e2tre\u2009\u00bb,<\/strong> sourit H\u00e9lo\u00efse, \u00ab\u2009on adore accrocher tout ce qu\u2019il nous pla\u00eet au mur\u2009: <strong>des costumes,<\/strong> par exemple.\u2009\u00bb<\/p>\n<p>    <img   decoding=\"async\" loading=\"lazy\" src=\"https:\/\/www.europesays.com\/fr\/wp-content\/uploads\/2025\/05\/tout-flamme-friperie-rennes-boutique-vintage-3-960x640.jpg\" alt=\"xxx\" width=\"960\" height=\"640\"\/><br \/>\n    H\u00e9lo\u00efse (\u00e0 gauche) et Sol\u00e9a (\u00e0 droite) finalisent la banderole en tissu \u00ab\u2009Tout Flamme, friperie atelier\u2009\u00bb qu\u2019elles accrocheront au mur de leur enseigne. (\u00a9Laur\u00e8ne Fertin \u2013 actu Rennes)Des tissus \u00ab\u2009de bonne fabrication\u2009\u00bb<\/p>\n<p class=\" wall-content\">Entrer dans Tout Flamme, ce n\u2019est pas seulement entrer dans une boutique joliment d\u00e9cor\u00e9e, c\u2019est aussi p\u00e9n\u00e9trer dans <strong>un univers bien distinct.<\/strong><\/p>\n<p class=\" wall-content\">Ici, <strong>chaque pi\u00e8ce est choisie, scrut\u00e9e, lav\u00e9e, choy\u00e9e\u2026<\/strong> \u00ab\u2009On choisit \u2013 parmi les vide-greniers, ou alors parmi des v\u00eatements que l\u2019on nous donne ou que l\u2019on rach\u00e8te \u2013 des v\u00eatements <strong>de bonne qualit\u00e9, de bonne fabrication\u2009\u00bb,<\/strong> poursuit Sol\u00e9a, qui a suivi des \u00e9tudes de stylisme et de mod\u00e9lisme.<\/p>\n<p class=\" wall-content\">Les v\u00eatements s\u00e9lectionn\u00e9s sont produits en <strong>France<\/strong>\u00a0ou encore en Italie\u2009; avec du <strong>coton,<\/strong> de la <strong>soie<\/strong> ou encore du cuir. Les tissus n\u2019ont pas \u00e9t\u00e9 choisis au hasard et datent, de fa\u00e7on g\u00e9n\u00e9rale, <strong>des ann\u00e9es 90 \u00e0 2000<\/strong>. \u00ab\u2009Nous avons quelques pi\u00e8ces qui datent des ann\u00e9es 60-70, mais c\u2019est rare d\u2019en trouver des \u00e9poques ant\u00e9rieures\u2009\u00bb, glisse Sol\u00e9a. Les deux amies ont leur propre marque \u2013 <strong>Augusta Frip<\/strong> pour H\u00e9lo\u00efse et <strong>Le Cirque Bleu<\/strong> pour Sol\u00e9a \u2013 leur seconde main respective est ensuite m\u00e9lang\u00e9e sur les portants.<\/p>\n<p>D&rsquo;autres boutiques<\/p>\n<p>H\u00e9lo\u00efse, fille de brocanteurs, avait d\u00e9j\u00e0 investi un local nomm\u00e9 l&rsquo;Arri\u00e8re-boutique au 3, rue Descartes \u00e0 Rennes. Certains de ses v\u00eatements sont par ailleurs propos\u00e9s au sein du Compteur du chineur au 22, avenue du 41\u1d49 R\u00e9giment d&rsquo;Infanterie, dans le quartier Anatole France.<\/p>\n<p>\u00ab\u2009Pas juste un commerce\u2009\u00bb<\/p>\n<p class=\" wall-content\">Tout Flamme n\u2019est d\u2019ailleurs \u00ab\u2009pas juste un commerce\u2009\u00bb puisque <strong>des ateliers de reprise de v\u00eatements<\/strong> vont \u00eatre programm\u00e9s pour celles et ceux qui veulent raccommoder leurs v\u00eatements.<\/p>\n<p class=\" wall-content\">\u00ab\u2009Derri\u00e8re Tout Flamme, il y a aussi <strong>une vraie recherche du textile\u2009\u00bb,<\/strong> retrace H\u00e9lo\u00efse, dipl\u00f4m\u00e9e des Beaux-Arts de Rennes. \u00ab\u2009Ce gilet sans manches est un exemple de ce que l\u2019on peut aussi proposer en boutique\u2009: compl\u00e8tement mit\u00e9, je l\u2019ai raccommod\u00e9 avec des couleurs diff\u00e9rentes\u2009\u00bb, montre H\u00e9lo\u00efse.<\/p>\n<p class=\" wall-content\"><a href=\"https:\/\/www.instagram.com\/p\/DGq_nt8IDeh\/embed\" title=\"Ouvrir le lien sur Instagram\" rel=\"nofollow noopener\" target=\"_blank\">Visualiser le contenu sur Instagram<\/a><\/p>\n<p class=\" wall-content\">Car la friperie propose <strong>un autre mod\u00e8le<\/strong>, une autre mani\u00e8re de penser ce qu\u2019on appelle la mode.<\/p>\n<blockquote class=\"ac-article-quote wall-content\">\n<p>Nous sommes dans une \u00e9poque o\u00f9 il va falloir se frustrer (&#8230;) Cela va aussi passer par les v\u00eatements. Ici, ils ont une histoire, ils sont les reflets d&rsquo;une \u00e9poque. Que valent-ils \u00e0 c\u00f4t\u00e9 des produits de fast fashion qui inondent le march\u00e9 ? Ces v\u00eatements ne produisent que des d\u00e9chets.<\/p>\n<p>    <strong>H\u00e9lo\u00efse et Sol\u00e9a<\/strong>\n            <\/p><\/blockquote>\n<p class=\" wall-content\">Les deux amies notent d\u2019ailleurs avoir, et avec d\u00e9rision, un certain <strong>\u00ab\u2009d\u00e9go\u00fbt du neuf\u2009\u00bb.<\/strong><\/p>\n<p>\u00ab\u2009On br\u00fblait d\u2019envie de l\u2019ouvrir\u2009\u00bb<\/p>\n<p class=\" wall-content\">Et comme rien n\u2019arrive par hasard, H\u00e9lo\u00efse et Sol\u00e9a ont repris ce local qui n\u2019\u00e9tait rien d\u2019autre que la boutique <strong>Total Look<\/strong> de 1976 \u00e0 2017, tenue par Martine Gervaise, qui a alors pris sa retraite \u00e0 70\u00a0ans.<\/p>\n<p>    <img   decoding=\"async\" loading=\"lazy\" src=\"https:\/\/www.europesays.com\/fr\/wp-content\/uploads\/2025\/05\/tout-flamme-friperie-rennes-boutique-vintage-2-960x640.jpg\" alt=\"xxx\" width=\"960\" height=\"640\"\/><br \/>\n    Avant Tout Flamme, il y avait la boutique de seconde main Total Look. (\u00a9Laur\u00e8ne Fertin \u2013 actu Rennes)<\/p>\n<p class=\" wall-content\">\u00ab\u2009On s\u2019est longtemps questionn\u00e9 sur <strong>le nom<\/strong> que l\u2019on allait donner \u00e0 notre enseigne\u2009\u00bb, sourit H\u00e9lo\u00efse, d\u00e9pliant une grande feuille, o\u00f9 sont inscrits des tas de propositions au crayon gris. \u00ab\u2009Finalement, on a trouv\u00e9 Tout Flamme et car quelque part, on br\u00fblait d\u2019envie de l\u2019ouvrir\u2009: on \u00e9tait enflamm\u00e9, on avait h\u00e2te\u2009!\u2009\u00bb<\/p>\n<p>Tout Flamme, 39, rue Poullain-Duparc \u00e0 Rennes. Ouvert du mardi au vendredi de 12h \u00e0 19h, le samedi de 11h \u00e0 19h. Ferm\u00e9 les dimanche et lundi.<\/p>\n<p class=\" wall-content\">Suivez toute l\u2019actualit\u00e9 de vos villes et m\u00e9dias favoris en vous inscrivant \u00e0 <a href=\"https:\/\/moncompte.actu.fr\" title=\"D\u00e9couvez Mon Actu\" rel=\"nofollow noopener\" data-trk=\"{&quot;cta&quot;:{&quot;action&quot;:&quot;https:\\\/\\\/moncompte.actu.fr&quot;,&quot;category&quot;:&quot;mon compte&quot;,&quot;from&quot;:&quot;article footer&quot;,&quot;name&quot;:&quot;Mon actu&quot;,&quot;type&quot;:&quot;cta&quot;}}\" target=\"_blank\">Mon Actu<\/a>.<\/p>\n<p>                    <script async src=\"\/\/www.instagram.com\/embed.js\"><\/script><\/p>\n","protected":false},"excerpt":{"rendered":"Par Laur\u00e8ne Fertin Publi\u00e9 le 27 mai 2025 \u00e0 10h49 Les maillots de bain, accroch\u00e9s sur un petit&hellip;\n","protected":false},"author":2,"featured_media":131453,"comment_status":"","ping_status":"","sticky":false,"template":"","format":"standard","meta":{"footnotes":""},"categories":[2821],"tags":[1111,11,829,1777,674,1011,27,1305,12,3147,584,25],"class_list":{"0":"post-131452","1":"post","2":"type-post","3":"status-publish","4":"format-standard","5":"has-post-thumbnail","7":"category-rennes","8":"tag-actu","9":"tag-actualites","10":"tag-bretagne","11":"tag-eu","12":"tag-europe","13":"tag-fr","14":"tag-france","15":"tag-lifestyle","16":"tag-news","17":"tag-nouveaux-commerces","18":"tag-rennes","19":"tag-republique-francaise"},"share_on_mastodon":{"url":"https:\/\/pubeurope.com\/@fr\/114579124092215723","error":""},"_links":{"self":[{"href":"https:\/\/www.europesays.com\/fr\/wp-json\/wp\/v2\/posts\/131452","targetHints":{"allow":["GET"]}}],"collection":[{"href":"https:\/\/www.europesays.com\/fr\/wp-json\/wp\/v2\/posts"}],"about":[{"href":"https:\/\/www.europesays.com\/fr\/wp-json\/wp\/v2\/types\/post"}],"author":[{"embeddable":true,"href":"https:\/\/www.europesays.com\/fr\/wp-json\/wp\/v2\/users\/2"}],"replies":[{"embeddable":true,"href":"https:\/\/www.europesays.com\/fr\/wp-json\/wp\/v2\/comments?post=131452"}],"version-history":[{"count":0,"href":"https:\/\/www.europesays.com\/fr\/wp-json\/wp\/v2\/posts\/131452\/revisions"}],"wp:featuredmedia":[{"embeddable":true,"href":"https:\/\/www.europesays.com\/fr\/wp-json\/wp\/v2\/media\/131453"}],"wp:attachment":[{"href":"https:\/\/www.europesays.com\/fr\/wp-json\/wp\/v2\/media?parent=131452"}],"wp:term":[{"taxonomy":"category","embeddable":true,"href":"https:\/\/www.europesays.com\/fr\/wp-json\/wp\/v2\/categories?post=131452"},{"taxonomy":"post_tag","embeddable":true,"href":"https:\/\/www.europesays.com\/fr\/wp-json\/wp\/v2\/tags?post=131452"}],"curies":[{"name":"wp","href":"https:\/\/api.w.org\/{rel}","templated":true}]}}