{"id":13146,"date":"2025-04-09T17:13:11","date_gmt":"2025-04-09T17:13:11","guid":{"rendered":"https:\/\/www.europesays.com\/fr\/13146\/"},"modified":"2025-04-09T17:13:11","modified_gmt":"2025-04-09T17:13:11","slug":"en-mars-les-deux-tiers-des-commerces-de-mode-independants-accusent-un-repli-dactivite-selon-la-fnh","status":"publish","type":"post","link":"https:\/\/www.europesays.com\/fr\/13146\/","title":{"rendered":"En mars, les deux tiers des commerces de mode ind\u00e9pendants accusent un repli d&rsquo;activit\u00e9 selon la FNH"},"content":{"rendered":"<p class=\"article-content col-md-8 offset-md-1\">\n                                Troisi\u00e8me mois cons\u00e9cutif de recul pour les ventes des commerces ind\u00e9pendants de mode, selon la F\u00e9d\u00e9ration nationale de l&rsquo;habillement. Les donn\u00e9es de l&rsquo;Observatoire de la f\u00e9d\u00e9ration observent un recul de 8,1% des chiffre d&rsquo;affaires de son panel en mars 2025, par rapport \u00e0 la m\u00eame p\u00e9riode en 2024. Certes, mars 2024 avait enregistr\u00e9 une croissance de 7,6% par rapport \u00e0 2023, mais les replis concernent tous les secteurs et 67% des commer\u00e7ants ind\u00e9pendants.<img decoding=\"async\" class=\"news-image\" style=\"width:100%;\" src=\"https:\/\/www.europesays.com\/fr\/wp-content\/uploads\/2025\/04\/e09d.jpg\" alt=\"Le passage Sub\u00e9-Talleyrand \u00e0 Reims\" loading=\"lazy\"\/>Le passage Sub\ufffd-Talleyrand \ufffd Reims &#8211; ShutterstockDans le d\u00e9tail, les ventes en mode mixte accusent un recul de 11%, l&rsquo;homme de 8%, alors que la femme comme l&rsquo;enfant et la lingerie voient l&rsquo;activit\u00e9 se contracter de 5%.\n                            <\/p>\n<p>\n                                Tous droits de reproduction et de repr\u00e9sentation r\u00e9serv\u00e9s.<br \/>\u00a9 2025 FashionNetwork.com\n                            <\/p>\n","protected":false},"excerpt":{"rendered":"Troisi\u00e8me mois cons\u00e9cutif de recul pour les ventes des commerces ind\u00e9pendants de mode, selon la F\u00e9d\u00e9ration nationale de&hellip;\n","protected":false},"author":2,"featured_media":13147,"comment_status":"","ping_status":"","sticky":false,"template":"","format":"standard","meta":{"footnotes":""},"categories":[1888],"tags":[11,2424,537,2423,1777,674,5948,1011,27,2425,985,12,2298,626,2426,2427,25,2421,2422],"class_list":{"0":"post-13146","1":"post","2":"type-post","3":"status-publish","4":"format-standard","5":"has-post-thumbnail","7":"category-paris","8":"tag-actualites","9":"tag-beaute","10":"tag-contact","11":"tag-cosmetiques","12":"tag-eu","13":"tag-europe","14":"tag-federation-nationale-de-lhabillement","15":"tag-fr","16":"tag-france","17":"tag-luxe","18":"tag-mode","19":"tag-news","20":"tag-parfum","21":"tag-paris","22":"tag-professionnel","23":"tag-professionnels","24":"tag-republique-francaise","25":"tag-reseau","26":"tag-textile"},"share_on_mastodon":{"url":"https:\/\/pubeurope.com\/@fr\/114309130246589867","error":""},"_links":{"self":[{"href":"https:\/\/www.europesays.com\/fr\/wp-json\/wp\/v2\/posts\/13146","targetHints":{"allow":["GET"]}}],"collection":[{"href":"https:\/\/www.europesays.com\/fr\/wp-json\/wp\/v2\/posts"}],"about":[{"href":"https:\/\/www.europesays.com\/fr\/wp-json\/wp\/v2\/types\/post"}],"author":[{"embeddable":true,"href":"https:\/\/www.europesays.com\/fr\/wp-json\/wp\/v2\/users\/2"}],"replies":[{"embeddable":true,"href":"https:\/\/www.europesays.com\/fr\/wp-json\/wp\/v2\/comments?post=13146"}],"version-history":[{"count":0,"href":"https:\/\/www.europesays.com\/fr\/wp-json\/wp\/v2\/posts\/13146\/revisions"}],"wp:featuredmedia":[{"embeddable":true,"href":"https:\/\/www.europesays.com\/fr\/wp-json\/wp\/v2\/media\/13147"}],"wp:attachment":[{"href":"https:\/\/www.europesays.com\/fr\/wp-json\/wp\/v2\/media?parent=13146"}],"wp:term":[{"taxonomy":"category","embeddable":true,"href":"https:\/\/www.europesays.com\/fr\/wp-json\/wp\/v2\/categories?post=13146"},{"taxonomy":"post_tag","embeddable":true,"href":"https:\/\/www.europesays.com\/fr\/wp-json\/wp\/v2\/tags?post=13146"}],"curies":[{"name":"wp","href":"https:\/\/api.w.org\/{rel}","templated":true}]}}