{"id":131460,"date":"2025-05-27T09:40:08","date_gmt":"2025-05-27T09:40:08","guid":{"rendered":"https:\/\/www.europesays.com\/fr\/131460\/"},"modified":"2025-05-27T09:40:08","modified_gmt":"2025-05-27T09:40:08","slug":"les-taxis-azureens-se-mobilisent-a-leur-tour-ce-mardi-matin-et-partent-en-convoi-sur-la-promenade-des-anglais-sans-faire-de-blocage","status":"publish","type":"post","link":"https:\/\/www.europesays.com\/fr\/131460\/","title":{"rendered":"Les taxis azur\u00e9ens se mobilisent \u00e0 leur tour ce mardi matin et partent en convoi sur la Promenade des Anglais \u00ab\u00a0sans faire de blocage\u00a0\u00bb"},"content":{"rendered":"<p>Ils \u00e9talent rest\u00e9s jusqu\u2019ici en retrait du mouvement de grogne des taxis nationaux. Ce mardi matin, les taxis azur\u00e9ens manifestent \u00e0 leur tour leur m\u00e9contentement.<\/p>\n<p>\u00ab\u00a0Nous nous \u00e9tions engag\u00e9s vis-\u00e0-vis des autorit\u00e9s de ne pas perturber pendant le festival de Cannes et le Grand prix de Monaco\u00a0explique Fabrice Cavallera, le repr\u00e9sentant des taxis des Alpes-Maritimes. Cela n\u2019enl\u00e8ve rien \u00e0 notre col\u00e8re. Aujourd\u2019hui nous sommes l\u00e0 pour le dire.\u00a0\u00bb<\/p>\n<p>Un convoi de plus de 100 taxis est parti de l\u2019a\u00e9roport \u00e0 10h30 pour rejoindre la promenade des Anglais. \u00ab\u00a0Sans blocage\u00a0\u00bb ont ils promis.<\/p>\n<p>Une autre partie des taxis est rest\u00e9e sur l\u2019a\u00e9roport afin de bloquer les courses des VTC.<\/p>\n<p>Comme leurs homologues des autres d\u00e9partements, les taxis azur\u00e9ens sont vent debout contre la concurrence d\u00e9loyale des VTC notamment, et contre la nouvelle convention avec l&rsquo;Assurance maladie pour le transport sanitaire. Plus que des \u00ab\u00a0entrevues\u00a0\u00bb ils r\u00e9clament des actes concrets, sign\u00e9s et act\u00e9s.<\/p>\n","protected":false},"excerpt":{"rendered":"Ils \u00e9talent rest\u00e9s jusqu\u2019ici en retrait du mouvement de grogne des taxis nationaux. Ce mardi matin, les taxis&hellip;\n","protected":false},"author":2,"featured_media":131461,"comment_status":"","ping_status":"","sticky":false,"template":"","format":"standard","meta":{"footnotes":""},"categories":[2819],"tags":[1111,11,1777,674,1011,27,12,2401,882,25,801],"class_list":{"0":"post-131460","1":"post","2":"type-post","3":"status-publish","4":"format-standard","5":"has-post-thumbnail","7":"category-nice","8":"tag-actu","9":"tag-actualites","10":"tag-eu","11":"tag-europe","12":"tag-fr","13":"tag-france","14":"tag-news","15":"tag-nice","16":"tag-provence-alpes-cote-dazur","17":"tag-republique-francaise","18":"tag-social"},"share_on_mastodon":{"url":"https:\/\/pubeurope.com\/@fr\/114579139748128307","error":""},"_links":{"self":[{"href":"https:\/\/www.europesays.com\/fr\/wp-json\/wp\/v2\/posts\/131460","targetHints":{"allow":["GET"]}}],"collection":[{"href":"https:\/\/www.europesays.com\/fr\/wp-json\/wp\/v2\/posts"}],"about":[{"href":"https:\/\/www.europesays.com\/fr\/wp-json\/wp\/v2\/types\/post"}],"author":[{"embeddable":true,"href":"https:\/\/www.europesays.com\/fr\/wp-json\/wp\/v2\/users\/2"}],"replies":[{"embeddable":true,"href":"https:\/\/www.europesays.com\/fr\/wp-json\/wp\/v2\/comments?post=131460"}],"version-history":[{"count":0,"href":"https:\/\/www.europesays.com\/fr\/wp-json\/wp\/v2\/posts\/131460\/revisions"}],"wp:featuredmedia":[{"embeddable":true,"href":"https:\/\/www.europesays.com\/fr\/wp-json\/wp\/v2\/media\/131461"}],"wp:attachment":[{"href":"https:\/\/www.europesays.com\/fr\/wp-json\/wp\/v2\/media?parent=131460"}],"wp:term":[{"taxonomy":"category","embeddable":true,"href":"https:\/\/www.europesays.com\/fr\/wp-json\/wp\/v2\/categories?post=131460"},{"taxonomy":"post_tag","embeddable":true,"href":"https:\/\/www.europesays.com\/fr\/wp-json\/wp\/v2\/tags?post=131460"}],"curies":[{"name":"wp","href":"https:\/\/api.w.org\/{rel}","templated":true}]}}