{"id":131462,"date":"2025-05-27T09:41:12","date_gmt":"2025-05-27T09:41:12","guid":{"rendered":"https:\/\/www.europesays.com\/fr\/131462\/"},"modified":"2025-05-27T09:41:12","modified_gmt":"2025-05-27T09:41:12","slug":"des-kilometres-de-bouchons-sur-la8-un-peage-pris-dassaut","status":"publish","type":"post","link":"https:\/\/www.europesays.com\/fr\/131462\/","title":{"rendered":"des kilom\u00e8tres de bouchons sur l&rsquo;A8, un p\u00e9age pris d&rsquo;assaut"},"content":{"rendered":"<p>            Par<br \/>\n        <strong><br \/>\n            <a href=\"https:\/\/actu.fr\/auteur\/manon-reinhardt\" title=\"Consulter tous les articles de Manon Reinhardt\" target=\"_blank\" rel=\"noopener\">Manon Reinhardt<\/a><br \/>\n        <\/strong><\/p>\n<p>        Publi\u00e9 le<\/p>\n<p>            27 mai 2025 \u00e0 10h48        <\/p>\n<p>La col\u00e8re des taxis ne d\u00e9semplit pas. Partout en France, les mobilisations se multiplient. Ce mardi 27\u00a0mai 2025, les taxis ni\u00e7ois se sont rassembl\u00e9s au terminal 2 de l\u2019a\u00e9roport de <a href=\"https:\/\/actu.fr\/provence-alpes-cote-d-azur\/nice_06088\" target=\"_blank\" rel=\"noopener\">Nice<\/a> C\u00f4te d\u2019Azur (<a href=\"https:\/\/actu.fr\/provence-alpes-cote-d-azur\/alpes-maritimes_06\" target=\"_blank\" rel=\"noopener\">Alpes-Maritimes<\/a>). D\u00e9sormais, c\u2019est <strong>le p\u00e9age d\u2019Antibes<\/strong> qui est pris d\u2019assaut.<\/p>\n<p class=\" wall-content\">Plus de 10 kilom\u00e8tres de bouchons se sont form\u00e9s. Vinci Autoroutes indique que la circulation est \u00ab\u2009tr\u00e8s perturb\u00e9e\u2009\u00bb.<\/p>\n<p>Pr\u00e8s de 12 kilom\u00e8tres de bouchons sur l\u2019A8<\/p>\n<p class=\" wall-content\">Le p\u00e9age d\u2019Antibes, en direction d\u2019Aix-en-Provence, a \u00e9t\u00e9 pris pour cible par les conducteurs de taxis maralpins. Ces derniers \u00ab\u2009entravent la circulation sur l\u2019A8 [\u2026] engendrant des perturbations importantes entre Nice et Antibes\u2009\u00bb, pr\u00e9vient Vinci Autoroutes dans un communiqu\u00e9.<\/p>\n<p class=\" wall-content\">Pr\u00e8s de 12 kilom\u00e8tres de bouchons se sont form\u00e9s, selon les donn\u00e9es de Bison Fut\u00e9. \u00c0 9h50, le temps de parcours \u00e9tait ainsi <strong>rallong\u00e9 de 58\u00a0minutes<\/strong> depuis Saint-Laurent-du-Var, en direction d\u2019Aix-en-Provence.<\/p>\n<p class=\" wall-content\">\n<p class=\" wall-content\">Vinci Autoroutes \u00ab\u2009recommande d\u2019\u00e9viter ce secteur et de s\u2019informer avant de prendre la route, tout en \u00e9tant prudent \u00e0 l\u2019approche de cette zone de manifestation\u2009\u00bb.<\/p>\n<p>Vid\u00e9os : en ce moment sur ActuIls protestent contre une nouvelle tarification<\/p>\n<p class=\" wall-content\">Les chauffeurs de taxis ni\u00e7ois se sont rassembl\u00e9s vers 9h devant le terminal 2 de l\u2019a\u00e9roport de Nice, comme le rapporte <a href=\"https:\/\/www.nicematin.com\/social\/aeroport-un-rassemblement-des-taxis-prevu-vers-9-heures-987565\" target=\"_blank\" rel=\"noopener\">Nice-Matin<\/a>. Mais pas question de bloquer la capitale azur\u00e9enne, a assur\u00e9 Fabrice Cavallera, le pr\u00e9sident du syndicat, \u00e0 nos confr\u00e8res. Il devait ensuite \u00ab\u2009voir avec la base\u2009\u00bb pour la suite de la mobilisation.<\/p>\n<p>    <a href=\"https:\/\/www.facebook.com\/plugins\/post.php?href=https%3A%2F%2Fwww.facebook.com%2Ffabrice.cavallera%2Fposts%2Fpfbid02Gbidtitdrsyyoke2JVA8b2HUWR7HPYZ5V6G8DJNQDxDTh8jsZdTEdWHzF9vuQYa9l&amp;show_text=true&amp;width=350\" title=\"Ouvrie le lien\" target=\"_blank\" rel=\"noopener\">Cliquez ici pour visualiser le contenu<\/a><\/p>\n<p class=\" wall-content\">Pour rappel, les taxis protestent notamment contre un projet de nouvelle tarification de l\u2019Assurance maladie sur <strong>les transports de malades<\/strong> aux conducteurs conventionn\u00e9s.<\/p>\n<p class=\" wall-content\">\u00ab\u2009Depuis le d\u00e9but de l\u2019\u00e9v\u00e9nement, les \u00e9quipes de Vinci Autoroutes sont mobilis\u00e9es pour assurer la s\u00e9curit\u00e9 des conducteurs et les tenir inform\u00e9s des conditions de circulation et de leur \u00e9volution\u2009\u00bb, conclut le gestionnaire.<\/p>\n<p class=\" wall-content\">Suivez toute l\u2019actualit\u00e9 de vos villes et m\u00e9dias favoris en vous inscrivant \u00e0 <a href=\"https:\/\/moncompte.actu.fr\" title=\"D\u00e9couvez Mon Actu\" rel=\"nofollow noopener\" data-trk=\"{&quot;cta&quot;:{&quot;action&quot;:&quot;https:\\\/\\\/moncompte.actu.fr&quot;,&quot;category&quot;:&quot;mon compte&quot;,&quot;from&quot;:&quot;article footer&quot;,&quot;name&quot;:&quot;Mon actu&quot;,&quot;type&quot;:&quot;cta&quot;}}\" target=\"_blank\">Mon Actu<\/a>.<\/p>\n","protected":false},"excerpt":{"rendered":"Par Manon Reinhardt Publi\u00e9 le 27 mai 2025 \u00e0 10h48 La col\u00e8re des taxis ne d\u00e9semplit pas. Partout&hellip;\n","protected":false},"author":2,"featured_media":131463,"comment_status":"","ping_status":"","sticky":false,"template":"","format":"standard","meta":{"footnotes":""},"categories":[2819],"tags":[1111,11,3542,1777,674,1011,27,803,12,2401,882,25,104],"class_list":{"0":"post-131462","1":"post","2":"type-post","3":"status-publish","4":"format-standard","5":"has-post-thumbnail","7":"category-nice","8":"tag-actu","9":"tag-actualites","10":"tag-circulation","11":"tag-eu","12":"tag-europe","13":"tag-fr","14":"tag-france","15":"tag-info-trafic","16":"tag-news","17":"tag-nice","18":"tag-provence-alpes-cote-dazur","19":"tag-republique-francaise","20":"tag-societe"},"share_on_mastodon":{"url":"https:\/\/pubeurope.com\/@fr\/114579143838312388","error":""},"_links":{"self":[{"href":"https:\/\/www.europesays.com\/fr\/wp-json\/wp\/v2\/posts\/131462","targetHints":{"allow":["GET"]}}],"collection":[{"href":"https:\/\/www.europesays.com\/fr\/wp-json\/wp\/v2\/posts"}],"about":[{"href":"https:\/\/www.europesays.com\/fr\/wp-json\/wp\/v2\/types\/post"}],"author":[{"embeddable":true,"href":"https:\/\/www.europesays.com\/fr\/wp-json\/wp\/v2\/users\/2"}],"replies":[{"embeddable":true,"href":"https:\/\/www.europesays.com\/fr\/wp-json\/wp\/v2\/comments?post=131462"}],"version-history":[{"count":0,"href":"https:\/\/www.europesays.com\/fr\/wp-json\/wp\/v2\/posts\/131462\/revisions"}],"wp:featuredmedia":[{"embeddable":true,"href":"https:\/\/www.europesays.com\/fr\/wp-json\/wp\/v2\/media\/131463"}],"wp:attachment":[{"href":"https:\/\/www.europesays.com\/fr\/wp-json\/wp\/v2\/media?parent=131462"}],"wp:term":[{"taxonomy":"category","embeddable":true,"href":"https:\/\/www.europesays.com\/fr\/wp-json\/wp\/v2\/categories?post=131462"},{"taxonomy":"post_tag","embeddable":true,"href":"https:\/\/www.europesays.com\/fr\/wp-json\/wp\/v2\/tags?post=131462"}],"curies":[{"name":"wp","href":"https:\/\/api.w.org\/{rel}","templated":true}]}}