{"id":131464,"date":"2025-05-27T09:42:44","date_gmt":"2025-05-27T09:42:44","guid":{"rendered":"https:\/\/www.europesays.com\/fr\/131464\/"},"modified":"2025-05-27T09:42:44","modified_gmt":"2025-05-27T09:42:44","slug":"maladies-auto-immunes-bpifrance-et-la-region-pays-de-la-loire-apportent-13-million-deuros","status":"publish","type":"post","link":"https:\/\/www.europesays.com\/fr\/131464\/","title":{"rendered":"Maladies auto-immunes\u00a0: Bpifrance et la R\u00e9gion Pays de la Loire apportent 1,3\u00a0million d\u2019euros"},"content":{"rendered":"<p>OSE Immunotherapeutics annonce une collaboration strat\u00e9gique sur des technologies pionni\u00e8res dans le domaine de l\u2019ARNm. L\u2019entreprise nantaise, chef de file d\u2019un consortium fran\u00e7ais aux c\u00f4t\u00e9s d\u2019Inside-th\u00e9apeutics et du laboratoire MINT (universit\u00e9 d\u2019Angers), vient d\u2019obtenir un financement de 1,3\u00a0million d\u2019euros de Bpifrance et de la R\u00e9gion Pays de la Loire.<\/p>\n<p><strong>Lire aussi\u00a0:<\/strong> <a href=\"https:\/\/agence-api.ouest-france.fr\/pays-de-la-loire\/loire-atlantique\/biotechnologies-ose-immunotherapeutics-s-est-renfloue-financierement-en-2024-d28c3a04-9668-44ac-ba9a-1a5d92b9c169\" target=\"_self\" rel=\"noopener\">Biotechnologies. Ose Immunotherapeutics s\u2019est renflou\u00e9 financi\u00e8rement en 2024<\/a><\/p>\n<p>Cette somme doit servir d\u2019acc\u00e9l\u00e9rateur dans le d\u00e9veloppement de th\u00e9rapies \u00e0 base d\u2019ARN messager et de nanom\u00e9dicaments. L\u2019objectif, tr\u00e8s sch\u00e9matiquement, est que l\u2019ARN, gr\u00e2ce \u00e0 ces nanom\u00e9dicaments, puisse \u00eatre d\u00e9livr\u00e9 directement dans l\u2019organe \u00e0 soigner (par exemple, le foie, le poumon). L\u2019ARNm fabrique alors une prot\u00e9ine qui a la propri\u00e9t\u00e9 biologique de contr\u00f4ler la r\u00e9ponse immunitaire, contre des inflammations et des fibroses.<\/p>\n<p>Une nouvelle arme dans l\u2019arsenal th\u00e9rapeutique<\/p>\n<p>Les mol\u00e9cules d\u2019ARN encapsul\u00e9es dans les monoparticules lipidiques et inject\u00e9es chez le patient par voie intraveineuse seraient une nouvelle arme dans l\u2019arsenal th\u00e9rapeutique pour combattre des maladies inflammatoires et auto-immunes (1), comme la scl\u00e9rose en plaques, la maladie de Crohn,\u00a0etc.<\/p>\n<p> <strong>\u00ab\u00a0Bien que cette technologie ait d\u00e9j\u00e0 boulevers\u00e9 certains domaines m\u00e9dicaux, des maladies infectieuses \u00e0 l\u2019oncologie, il reste encore beaucoup \u00e0 faire pour am\u00e9liorer la s\u00e9lectivit\u00e9 et la s\u00e9curit\u00e9 des traitements\u00a0\u00bb,<\/strong> souligne Nicolas Poirier, directeur scientifique d\u2019Ose Immunotherapeutics.<\/p>\n<p><strong>\u00ab\u00a0Nous sommes convaincus que les traitements et les modes d\u2019administration innovants bas\u00e9s sur l\u2019ARNm feront partie des immunoth\u00e9rapies de demain\u00a0\u00bb,<\/strong> compl\u00e8te Aurore Morello, directrice de la recherche.<\/p>\n<p>(1) On parle de maladie auto-immune quand le syst\u00e8me immunitaire confond les cellules saines avec des envahisseurs \u00e0 combattre, tels que des virus ou des bact\u00e9ries, et attaque par erreur les tissus sains d\u2019un organe.<\/p>\n<p>\u00a0<\/p>\n","protected":false},"excerpt":{"rendered":"OSE Immunotherapeutics annonce une collaboration strat\u00e9gique sur des technologies pionni\u00e8res dans le domaine de l\u2019ARNm. L\u2019entreprise nantaise, chef&hellip;\n","protected":false},"author":2,"featured_media":131465,"comment_status":"","ping_status":"","sticky":false,"template":"","format":"standard","meta":{"footnotes":""},"categories":[2818],"tags":[12106,19020,1111,11,25569,25568,6486,1777,674,4658,1011,27,3367,2778,12107,766,12,5457,2636,16,25],"class_list":{"0":"post-131464","1":"post","2":"type-post","3":"status-publish","4":"format-standard","5":"has-post-thumbnail","7":"category-nantes","8":"tag-12106","9":"tag-19020","10":"tag-actu","11":"tag-actualites","12":"tag-apportent","13":"tag-auto-immunes","14":"tag-bpifrance","15":"tag-eu","16":"tag-europe","17":"tag-euros","18":"tag-fr","19":"tag-france","20":"tag-loire","21":"tag-maladies","22":"tag-million","23":"tag-nantes","24":"tag-news","25":"tag-pays","26":"tag-pays-de-la-loire","27":"tag-region","28":"tag-republique-francaise"},"share_on_mastodon":{"url":"https:\/\/pubeurope.com\/@fr\/114579147579455016","error":""},"_links":{"self":[{"href":"https:\/\/www.europesays.com\/fr\/wp-json\/wp\/v2\/posts\/131464","targetHints":{"allow":["GET"]}}],"collection":[{"href":"https:\/\/www.europesays.com\/fr\/wp-json\/wp\/v2\/posts"}],"about":[{"href":"https:\/\/www.europesays.com\/fr\/wp-json\/wp\/v2\/types\/post"}],"author":[{"embeddable":true,"href":"https:\/\/www.europesays.com\/fr\/wp-json\/wp\/v2\/users\/2"}],"replies":[{"embeddable":true,"href":"https:\/\/www.europesays.com\/fr\/wp-json\/wp\/v2\/comments?post=131464"}],"version-history":[{"count":0,"href":"https:\/\/www.europesays.com\/fr\/wp-json\/wp\/v2\/posts\/131464\/revisions"}],"wp:featuredmedia":[{"embeddable":true,"href":"https:\/\/www.europesays.com\/fr\/wp-json\/wp\/v2\/media\/131465"}],"wp:attachment":[{"href":"https:\/\/www.europesays.com\/fr\/wp-json\/wp\/v2\/media?parent=131464"}],"wp:term":[{"taxonomy":"category","embeddable":true,"href":"https:\/\/www.europesays.com\/fr\/wp-json\/wp\/v2\/categories?post=131464"},{"taxonomy":"post_tag","embeddable":true,"href":"https:\/\/www.europesays.com\/fr\/wp-json\/wp\/v2\/tags?post=131464"}],"curies":[{"name":"wp","href":"https:\/\/api.w.org\/{rel}","templated":true}]}}