{"id":131480,"date":"2025-05-27T09:50:09","date_gmt":"2025-05-27T09:50:09","guid":{"rendered":"https:\/\/www.europesays.com\/fr\/131480\/"},"modified":"2025-05-27T09:50:09","modified_gmt":"2025-05-27T09:50:09","slug":"un-homme-activement-recherche-a-marseille-pour-avoir-ouvert-le-feu-a-la-suite-dun-braquage","status":"publish","type":"post","link":"https:\/\/www.europesays.com\/fr\/131480\/","title":{"rendered":"Un homme activement recherch\u00e9 \u00e0 Marseille pour avoir ouvert le feu \u00e0 la suite d&rsquo;un braquage"},"content":{"rendered":"<p>Sc\u00e8ne abracadabrante ce lundi 26\u00a0mai au soir, dans un magasin discount de l&rsquo;avenue Roger-Salengro, dans le 15e arrondissement de <a href=\"https:\/\/www.laprovence.com\/bouches-du-rhone\/marseille-13055\" target=\"_blank\" rel=\"nofollow noopener\">Marseille<\/a>. Vers 19\u00a0heures, un homme s&rsquo;est pr\u00e9sent\u00e9 <a href=\"https:\/\/www.laprovence.com\/article\/faits-divers-justice\/1242277337901615\/coups-de-cross-menace-avec-arme-a-avignon-un-homme-soupconne-d-un-vol-ultra-violent-relaxe-par-le-tribunal\" target=\"_blank\" rel=\"nofollow noopener\">avec une arme de poing<\/a>, et a exig\u00e9 le contenu de la caisse &#8211; un peu plus de 500\u00a0\u20ac &#8211; sous la menace.<\/p>\n<p>Alors qu&rsquo;il tentait de prendre le large avec son butin, <strong>il a \u00e9t\u00e9 poursuivi par des employ\u00e9s de l&rsquo;enseigne, et a tir\u00e9 trois coups de feu<\/strong>, sans toutefois blesser quiconque. L&rsquo;auteur est \u00e0 cette heure toujours en fuite en fuite, mais activement recherch\u00e9 par les services de police, qui ont ouvert une enqu\u00eate.<\/p>\n","protected":false},"excerpt":{"rendered":"Sc\u00e8ne abracadabrante ce lundi 26\u00a0mai au soir, dans un magasin discount de l&rsquo;avenue Roger-Salengro, dans le 15e arrondissement&hellip;\n","protected":false},"author":2,"featured_media":131481,"comment_status":"","ping_status":"","sticky":false,"template":"","format":"standard","meta":{"footnotes":""},"categories":[2814],"tags":[17,25570,1111,11,6661,1777,674,274,1011,27,4933,884,12,15316,471,882,959,25],"class_list":{"0":"post-131480","1":"post","2":"type-post","3":"status-publish","4":"format-standard","5":"has-post-thumbnail","7":"category-marseille","8":"tag-17","9":"tag-activement","10":"tag-actu","11":"tag-actualites","12":"tag-avoir","13":"tag-eu","14":"tag-europe","15":"tag-faits-divers-justice","16":"tag-fr","17":"tag-france","18":"tag-homme","19":"tag-marseille","20":"tag-news","21":"tag-ouvert","22":"tag-pour","23":"tag-provence-alpes-cote-dazur","24":"tag-recherche","25":"tag-republique-francaise"},"share_on_mastodon":{"url":"https:\/\/pubeurope.com\/@fr\/114579179036911722","error":""},"_links":{"self":[{"href":"https:\/\/www.europesays.com\/fr\/wp-json\/wp\/v2\/posts\/131480","targetHints":{"allow":["GET"]}}],"collection":[{"href":"https:\/\/www.europesays.com\/fr\/wp-json\/wp\/v2\/posts"}],"about":[{"href":"https:\/\/www.europesays.com\/fr\/wp-json\/wp\/v2\/types\/post"}],"author":[{"embeddable":true,"href":"https:\/\/www.europesays.com\/fr\/wp-json\/wp\/v2\/users\/2"}],"replies":[{"embeddable":true,"href":"https:\/\/www.europesays.com\/fr\/wp-json\/wp\/v2\/comments?post=131480"}],"version-history":[{"count":0,"href":"https:\/\/www.europesays.com\/fr\/wp-json\/wp\/v2\/posts\/131480\/revisions"}],"wp:featuredmedia":[{"embeddable":true,"href":"https:\/\/www.europesays.com\/fr\/wp-json\/wp\/v2\/media\/131481"}],"wp:attachment":[{"href":"https:\/\/www.europesays.com\/fr\/wp-json\/wp\/v2\/media?parent=131480"}],"wp:term":[{"taxonomy":"category","embeddable":true,"href":"https:\/\/www.europesays.com\/fr\/wp-json\/wp\/v2\/categories?post=131480"},{"taxonomy":"post_tag","embeddable":true,"href":"https:\/\/www.europesays.com\/fr\/wp-json\/wp\/v2\/tags?post=131480"}],"curies":[{"name":"wp","href":"https:\/\/api.w.org\/{rel}","templated":true}]}}