{"id":131482,"date":"2025-05-27T09:51:09","date_gmt":"2025-05-27T09:51:09","guid":{"rendered":"https:\/\/www.europesays.com\/fr\/131482\/"},"modified":"2025-05-27T09:51:09","modified_gmt":"2025-05-27T09:51:09","slug":"un-mort-dans-lincendie-dun-appartement-squatte","status":"publish","type":"post","link":"https:\/\/www.europesays.com\/fr\/131482\/","title":{"rendered":"un mort dans l\u2019incendie d\u2019un appartement squatt\u00e9"},"content":{"rendered":"<p>Un homme est d\u00e9c\u00e9d\u00e9 dans l\u2019incendie d\u2019un appartement squatt\u00e9 dans les quartiers nord de Marseille, ce mardi t\u00f4t dans la matin\u00e9e. Une quarantaine de marins-pompiers ont d\u00fb intervenir.<\/p>\n<p class=\"fig-paragraph\">Un homme est d\u00e9c\u00e9d\u00e9 dans l\u2019incendie d\u2019un appartement\u00a0<a href=\"http:\/\/www.lefigaro.fr\/lyon\/une-rixe-dans-un-squat-de-lyon-degenere-en-coups-de-feu-un-homme-grievement-blesse-20250404\" data-fig-type=\"NewsFlash\" data-gtm-custom-categorie=\"navigation\" data-gtm-custom-action=\"crossclick\" data-gtm-custom-label=\"Contextuel\" data-gtm-event=\"customEventSPE\" data-fig-domain=\"LEFIGARO\" target=\"_blank\" rel=\"noopener\">squatt\u00e9\u00a0<\/a>\u00e0 Marseille ce mardi dans la matin\u00e9e, a appris Le Figaro de sources concordantes, confirmant une information initiale de\u00a0<a href=\"https:\/\/www.laprovence.com\/article\/faits-divers-justice\/7110821834761314\/un-mort-et-huit-blesses-legers-dans-lincendie-dun-squat-du-15e-arrondissement-de-marseille\" target=\"_blank\" rel=\"nofollow noopener\" data-gtm-custom-categorie=\"navigation\" data-gtm-custom-action=\"crossclick\" data-gtm-custom-label=\"Contextuel\" data-gtm-event=\"customEventSPE\">La Provence.\u00a0<\/a><\/p>\n<p>Cinq personnes \u00e9vacu\u00e9es \u00e0 l\u2019\u00e9chelle m\u00e9canique<\/p>\n<p class=\"fig-paragraph\">38 marins-pompiers sont intervenus \u00e0 6h52 au premier \u00e9tage d\u2019un immeuble en comportant trois, au 232 avenue Roger Salengro, dans le 15e arrondissement de la cit\u00e9 phoc\u00e9enne. Cinq personnes ont \u00e9t\u00e9 \u00e9vacu\u00e9es par une \u00e9chelle m\u00e9canique, tandis que trois d\u2019entre elles sont sorties d\u2019elles-m\u00eames. Apr\u00e8s consultation par un m\u00e9decin des marins-pompiers, aucune n\u2019a \u00e9t\u00e9 transport\u00e9e \u00e0 l\u2019h\u00f4pital. Elles sont \u00e2g\u00e9es de 21 \u00e0 38 ans. L\u2019\u00e2ge du d\u00e9funt n\u2019est en revanche pas encore connu \u00e0 ce stade, ni le nombre exact d\u2019occupants dans l\u2019appartement squatt\u00e9.<\/p>\n","protected":false},"excerpt":{"rendered":"Un homme est d\u00e9c\u00e9d\u00e9 dans l\u2019incendie d\u2019un appartement squatt\u00e9 dans les quartiers nord de Marseille, ce mardi t\u00f4t&hellip;\n","protected":false},"author":2,"featured_media":131483,"comment_status":"","ping_status":"","sticky":false,"template":"","format":"standard","meta":{"footnotes":""},"categories":[2814],"tags":[1111,11,885,1182,1180,1181,1777,674,1011,27,1310,1184,1185,884,18,12,1177,1176,149,1186,882,25,1178,1183,5221,1179],"class_list":{"0":"post-131482","1":"post","2":"type-post","3":"status-publish","4":"format-standard","5":"has-post-thumbnail","7":"category-marseille","8":"tag-actu","9":"tag-actualites","10":"tag-bouches-du-rhone","11":"tag-calanques","12":"tag-canebiere","13":"tag-cite-phoceenne","14":"tag-eu","15":"tag-europe","16":"tag-fr","17":"tag-france","18":"tag-incendie","19":"tag-la-timone","20":"tag-les-baumettes-mediterranee","21":"tag-marseille","22":"tag-mort","23":"tag-news","24":"tag-notre-dame-de-la-garde","25":"tag-olympique-de-marseille","26":"tag-om","27":"tag-provence","28":"tag-provence-alpes-cote-dazur","29":"tag-republique-francaise","30":"tag-saint-charles","31":"tag-sormiou","32":"tag-squat","33":"tag-vieux-port"},"share_on_mastodon":{"url":"https:\/\/pubeurope.com\/@fr\/114579183035426497","error":""},"_links":{"self":[{"href":"https:\/\/www.europesays.com\/fr\/wp-json\/wp\/v2\/posts\/131482","targetHints":{"allow":["GET"]}}],"collection":[{"href":"https:\/\/www.europesays.com\/fr\/wp-json\/wp\/v2\/posts"}],"about":[{"href":"https:\/\/www.europesays.com\/fr\/wp-json\/wp\/v2\/types\/post"}],"author":[{"embeddable":true,"href":"https:\/\/www.europesays.com\/fr\/wp-json\/wp\/v2\/users\/2"}],"replies":[{"embeddable":true,"href":"https:\/\/www.europesays.com\/fr\/wp-json\/wp\/v2\/comments?post=131482"}],"version-history":[{"count":0,"href":"https:\/\/www.europesays.com\/fr\/wp-json\/wp\/v2\/posts\/131482\/revisions"}],"wp:featuredmedia":[{"embeddable":true,"href":"https:\/\/www.europesays.com\/fr\/wp-json\/wp\/v2\/media\/131483"}],"wp:attachment":[{"href":"https:\/\/www.europesays.com\/fr\/wp-json\/wp\/v2\/media?parent=131482"}],"wp:term":[{"taxonomy":"category","embeddable":true,"href":"https:\/\/www.europesays.com\/fr\/wp-json\/wp\/v2\/categories?post=131482"},{"taxonomy":"post_tag","embeddable":true,"href":"https:\/\/www.europesays.com\/fr\/wp-json\/wp\/v2\/tags?post=131482"}],"curies":[{"name":"wp","href":"https:\/\/api.w.org\/{rel}","templated":true}]}}