{"id":131486,"date":"2025-05-27T09:53:10","date_gmt":"2025-05-27T09:53:10","guid":{"rendered":"https:\/\/www.europesays.com\/fr\/131486\/"},"modified":"2025-05-27T09:53:10","modified_gmt":"2025-05-27T09:53:10","slug":"lenseigne-preferee-des-francais-sinstalle","status":"publish","type":"post","link":"https:\/\/www.europesays.com\/fr\/131486\/","title":{"rendered":"l\u2019enseigne pr\u00e9f\u00e9r\u00e9e des Fran\u00e7ais s\u2019installe"},"content":{"rendered":"<p>La nouvelle s\u2019est r\u00e9pandue comme une train\u00e9e de poudre. Il y a quelques semaines, les rayons du Netto \u00e9tabli au 322 avenue Berthelot, en face de la place du Bachut se vidaient, et des rayonnages manquaient \u00e0 l\u2019appel. Le Progr\u00e8s avait confirm\u00e9 sa fermeture, au 24\u00a0mai.<\/p>\n<p>La client\u00e8le s\u2019\u00e9tait press\u00e9e afin de profiter des derni\u00e8res bonnes affaires que le magasin appliquait pour vider les stocks. Et le 23\u00a0mai au matin, veille de fermeture d\u00e9finitive, une trentaine de clients s\u2019\u00e9tait post\u00e9e devant l\u2019entr\u00e9e du magasin, attendant dans le calme son ouverture.<\/p>\n<p>  14 employ\u00e9s, certains encha\u00eenent dans une autre enseigne du propri\u00e9taire<\/p>\n<p>\u00ab\u00a0Le magasin Netto de Lyon Berthelot est contraint de fermer ses portes, en raison de difficult\u00e9s \u00e9conomiques. Les chefs d\u2019entreprise, \u00e9galement propri\u00e9taires de l\u2019Intermarch\u00e9 Lyon Berthelot, regrettent cette situation et sont mobilis\u00e9s pour accompagner les collaborateurs. Ils reprennent une dizaine de salari\u00e9s sur 14 salari\u00e9s pour le second point de vente, situ\u00e9 en face de Netto. Certains collaborateurs pr\u00e9f\u00e8rent mener \u00e0 bien d\u2019autres projets professionnels\u00a0\u00bb, indiquait l\u2019\u00e9quipe de communication Netto qui fait partie du Groupement Mousquetaires (Intermarch\u00e9\u2026).<\/p>\n<p>C\u2019est une enseigne Action, \u00e9lue enseigne pr\u00e9f\u00e9r\u00e9e des Fran\u00e7ais en 2024, qui reprendra le flambeau, \u00e0 une date qui pour l\u2019heure n\u2019a pas \u00e9t\u00e9 communiqu\u00e9e.<\/p>\n<p>\u00a0La firme n\u00e9erlandaise, est d\u00e9j\u00e0 implant\u00e9e \u00e0 Lyon, \u00e0 Vaise et \u00e0 Gerland. Elle mise sur son mod\u00e8le \u00e9conomique pour proposer des prix tr\u00e8s bas aux clients (1\u00a0500 produits \u00e0 moins de 1\u00a0euro et plus des deux tiers des produits sont \u00e0 2\u00a0euros).<\/p>\n","protected":false},"excerpt":{"rendered":"La nouvelle s\u2019est r\u00e9pandue comme une train\u00e9e de poudre. Il y a quelques semaines, les rayons du Netto&hellip;\n","protected":false},"author":2,"featured_media":131487,"comment_status":"","ping_status":"","sticky":false,"template":"","format":"standard","meta":{"footnotes":""},"categories":[1889],"tags":[1111,11,2430,4406,33,2757,1777,674,107,1011,27,2428,9744,9743,12,25],"class_list":{"0":"post-131486","1":"post","2":"type-post","3":"status-publish","4":"format-standard","5":"has-post-thumbnail","7":"category-lyon","8":"tag-actu","9":"tag-actualites","10":"tag-auvergne-rhone-alpes","11":"tag-commerce-et-services","12":"tag-economie","13":"tag-edition-lyon-villeurbanne","14":"tag-eu","15":"tag-europe","16":"tag-fil-info","17":"tag-fr","18":"tag-france","19":"tag-lyon","20":"tag-lyon-8e","21":"tag-lyon-8e-arrondissement","22":"tag-news","23":"tag-republique-francaise"},"share_on_mastodon":{"url":"https:\/\/pubeurope.com\/@fr\/114579190808847802","error":""},"_links":{"self":[{"href":"https:\/\/www.europesays.com\/fr\/wp-json\/wp\/v2\/posts\/131486","targetHints":{"allow":["GET"]}}],"collection":[{"href":"https:\/\/www.europesays.com\/fr\/wp-json\/wp\/v2\/posts"}],"about":[{"href":"https:\/\/www.europesays.com\/fr\/wp-json\/wp\/v2\/types\/post"}],"author":[{"embeddable":true,"href":"https:\/\/www.europesays.com\/fr\/wp-json\/wp\/v2\/users\/2"}],"replies":[{"embeddable":true,"href":"https:\/\/www.europesays.com\/fr\/wp-json\/wp\/v2\/comments?post=131486"}],"version-history":[{"count":0,"href":"https:\/\/www.europesays.com\/fr\/wp-json\/wp\/v2\/posts\/131486\/revisions"}],"wp:featuredmedia":[{"embeddable":true,"href":"https:\/\/www.europesays.com\/fr\/wp-json\/wp\/v2\/media\/131487"}],"wp:attachment":[{"href":"https:\/\/www.europesays.com\/fr\/wp-json\/wp\/v2\/media?parent=131486"}],"wp:term":[{"taxonomy":"category","embeddable":true,"href":"https:\/\/www.europesays.com\/fr\/wp-json\/wp\/v2\/categories?post=131486"},{"taxonomy":"post_tag","embeddable":true,"href":"https:\/\/www.europesays.com\/fr\/wp-json\/wp\/v2\/tags?post=131486"}],"curies":[{"name":"wp","href":"https:\/\/api.w.org\/{rel}","templated":true}]}}