{"id":131492,"date":"2025-05-27T09:56:08","date_gmt":"2025-05-27T09:56:08","guid":{"rendered":"https:\/\/www.europesays.com\/fr\/131492\/"},"modified":"2025-05-27T09:56:08","modified_gmt":"2025-05-27T09:56:08","slug":"successeur-de-jacques-chirac-jean-tiberi-ancien-maire-de-paris-est-decede","status":"publish","type":"post","link":"https:\/\/www.europesays.com\/fr\/131492\/","title":{"rendered":"Successeur de Jacques Chirac, Jean Tiberi, ancien maire de Paris, est d\u00e9c\u00e9d\u00e9"},"content":{"rendered":"<p>            Par<br \/>\n        <strong><br \/>\n            <a href=\"https:\/\/actu.fr\/auteur\/redaction-paris\" title=\"Consulter tous les articles de R\u00e9daction Paris\" rel=\"nofollow noopener\" target=\"_blank\">R\u00e9daction Paris<\/a><br \/>\n        <\/strong><\/p>\n<p>        Publi\u00e9 le<\/p>\n<p>            27 mai 2025 \u00e0 11h20        <\/p>\n<p><strong>Jean Tiberi<\/strong>, ancien maire de Paris, est d\u00e9c\u00e9d\u00e9 \u00e0 l\u2019\u00e2ge de 90\u00a0ans, a annonc\u00e9 la maire du 5e arrondissement ce mardi 27\u00a0mai 2025. \u00c9lu <a href=\"https:\/\/actu.fr\/ile-de-france\/paris_75056\/mort-jacques-chirac-comme-maire-a-donne-certain-eclat-paris_27560943.html\" rel=\"nofollow noopener\" target=\"_blank\">\u00e0 la suite de Jacques Chirac<\/a> en 1995, il a occup\u00e9 son poste jusqu\u2019en 2001 avant de devenir maire du 5e arrondissement jusqu\u2019en 2014.<\/p>\n<p>\u00ab\u2009Un homme chaleureux\u2009\u00bb<\/p>\n<p class=\" wall-content\">Sur X, Florence Berthout, actuelle \u00e9dile de l\u2019arrondissement, a fait part de sa <strong>tristesse<\/strong> \u00e0 l\u2019annonce du d\u00e9c\u00e8s de celui \u00ab\u2009qui fut quatre mandats durant le maire engag\u00e9 du 5e\u2009\u00bb.<\/p>\n<p class=\" wall-content\">\n<p class=\" wall-content\">Quelques instants plus tard, <a href=\"https:\/\/actu.fr\/tag\/anne-hidalgo\" rel=\"nofollow noopener\" target=\"_blank\">Anne Hidalgo<\/a> a \u00e9galement salu\u00e9 la m\u00e9moire \u00ab\u2009d\u2019un homme qui a consacr\u00e9 <strong>une part immense de sa vie \u00e0 Paris<\/strong> et au 5e arrondissement\u2009\u00bb et dont elle gardera le souvenir d\u2019un homme \u00ab\u2009chaleureux, avec qui j\u2019avais tiss\u00e9 des relations cordiales et respectueuses.\u2009\u00bb Et d\u2019ajouter\u2009: \u00ab\u2009Paris, sa ville, lui rendra hommage\u2009\u00bb.<\/p>\n<p class=\" wall-content\"><strong>Dernier maire de droite<\/strong> qu\u2019ait connu la capitale, Jean Tiberi avait succ\u00e9d\u00e9 en 1995 \u00e0 Jacques Chirac, dont il \u00e9tait un grand fid\u00e8le. Lors des \u00e9lections de 2001, il fut battu par le candidat du Parti socialiste, Bertrand Delano\u00eb.<\/p>\n<p>Les drapeaux en berne \u00e0 Paris<\/p>\n<p class=\" wall-content\">Une carri\u00e8re politique qui a \u00e9t\u00e9 \u00e9clabouss\u00e9e par plusieurs affaires. Il avait ainsi \u00e9t\u00e9 condamn\u00e9 en 2013 en appel, comme en premi\u00e8re instance, \u00e0 <strong>dix mois de prison avec sursi<\/strong>s, 10\u2009000\u00a0euros d\u2019amende et trois ans d\u2019in\u00e9ligibilit\u00e9 pour l\u2019inscription de faux \u00e9lecteurs sur les listes de sa mairie du 5e arrondissement de Paris en vue des \u00e9lections municipales de 1995 et l\u00e9gislatives de 1997.<\/p>\n<p>Vid\u00e9os : en ce moment sur Actu<\/p>\n<p class=\" wall-content\">Son \u00e9pouse Xavi\u00e8re, d\u00e9crite comme \u00ab\u2009omnipr\u00e9sente\u2009\u00bb \u00e0 la mairie du 5e, avait elle \u00e9t\u00e9 condamn\u00e9e \u00e0 <strong>neuf mois de prison avec sursis<\/strong> et 5\u2009000\u00a0euros d\u2019amende.<\/p>\n<p class=\" wall-content\">D\u00e8s demain, mercredi 28\u00a0mai 2025, des <strong>registres<\/strong> seront ouverts \u00e0 l\u2019H\u00f4tel de Ville pour \u00ab\u2009permettre aux Parisiennes et aux Parisiens de t\u00e9moigner de leur affection\u2009\u00bb, a fait savoir Anne Hidalgo. \u00ab\u2009En sa m\u00e9moire, les <strong>drapeaux<\/strong> de tous les \u00e9quipements municipaux seront mis en berne mardi prochain\u2009\u00bb.<\/p>\n<p class=\" wall-content\">Plus d\u2019informations \u00e0 venir\u2026<\/p>\n<p class=\" wall-content\">Suivez toute l\u2019actualit\u00e9 de vos villes et m\u00e9dias favoris en vous inscrivant \u00e0 <a href=\"https:\/\/moncompte.actu.fr\" title=\"D\u00e9couvez Mon Actu\" rel=\"nofollow noopener\" data-trk=\"{&quot;cta&quot;:{&quot;action&quot;:&quot;https:\\\/\\\/moncompte.actu.fr&quot;,&quot;category&quot;:&quot;mon compte&quot;,&quot;from&quot;:&quot;article footer&quot;,&quot;name&quot;:&quot;Mon actu&quot;,&quot;type&quot;:&quot;cta&quot;}}\" target=\"_blank\">Mon Actu<\/a>.<\/p>\n","protected":false},"excerpt":{"rendered":"Par R\u00e9daction Paris Publi\u00e9 le 27 mai 2025 \u00e0 11h20 Jean Tiberi, ancien maire de Paris, est d\u00e9c\u00e9d\u00e9&hellip;\n","protected":false},"author":2,"featured_media":131493,"comment_status":"","ping_status":"","sticky":false,"template":"","format":"standard","meta":{"footnotes":""},"categories":[1888],"tags":[1111,1928,11,1927,1777,674,1011,27,2381,12,1926,626,1925,316,25],"class_list":{"0":"post-131492","1":"post","2":"type-post","3":"status-publish","4":"format-standard","5":"has-post-thumbnail","7":"category-paris","8":"tag-actu","9":"tag-actu-paris","10":"tag-actualites","11":"tag-actualites-paris","12":"tag-eu","13":"tag-europe","14":"tag-fr","15":"tag-france","16":"tag-mairie-de-paris","17":"tag-news","18":"tag-news-paris","19":"tag-paris","20":"tag-paris-news","21":"tag-politique","22":"tag-republique-francaise"},"share_on_mastodon":{"url":"https:\/\/pubeurope.com\/@fr\/114579202724017854","error":""},"_links":{"self":[{"href":"https:\/\/www.europesays.com\/fr\/wp-json\/wp\/v2\/posts\/131492","targetHints":{"allow":["GET"]}}],"collection":[{"href":"https:\/\/www.europesays.com\/fr\/wp-json\/wp\/v2\/posts"}],"about":[{"href":"https:\/\/www.europesays.com\/fr\/wp-json\/wp\/v2\/types\/post"}],"author":[{"embeddable":true,"href":"https:\/\/www.europesays.com\/fr\/wp-json\/wp\/v2\/users\/2"}],"replies":[{"embeddable":true,"href":"https:\/\/www.europesays.com\/fr\/wp-json\/wp\/v2\/comments?post=131492"}],"version-history":[{"count":0,"href":"https:\/\/www.europesays.com\/fr\/wp-json\/wp\/v2\/posts\/131492\/revisions"}],"wp:featuredmedia":[{"embeddable":true,"href":"https:\/\/www.europesays.com\/fr\/wp-json\/wp\/v2\/media\/131493"}],"wp:attachment":[{"href":"https:\/\/www.europesays.com\/fr\/wp-json\/wp\/v2\/media?parent=131492"}],"wp:term":[{"taxonomy":"category","embeddable":true,"href":"https:\/\/www.europesays.com\/fr\/wp-json\/wp\/v2\/categories?post=131492"},{"taxonomy":"post_tag","embeddable":true,"href":"https:\/\/www.europesays.com\/fr\/wp-json\/wp\/v2\/tags?post=131492"}],"curies":[{"name":"wp","href":"https:\/\/api.w.org\/{rel}","templated":true}]}}