{"id":131494,"date":"2025-05-27T09:57:09","date_gmt":"2025-05-27T09:57:09","guid":{"rendered":"https:\/\/www.europesays.com\/fr\/131494\/"},"modified":"2025-05-27T09:57:09","modified_gmt":"2025-05-27T09:57:09","slug":"mort-de-jean-tiberi-maire-de-paris-de-1995-a-2001-et-elu-historique-du-ve-arrondissement-de-la-capitale","status":"publish","type":"post","link":"https:\/\/www.europesays.com\/fr\/131494\/","title":{"rendered":"Mort de Jean Tiberi, maire de Paris de 1995 \u00e0 2001 et \u00e9lu historique du Ve arrondissement de la capitale"},"content":{"rendered":"<p>PARIS &#8211; La capitale perd son deuxi\u00e8me \u00e9dile. Jean Tiberi, <a href=\"https:\/\/fr.news.yahoo.com\/mairie-paris-vent-debout-contre-151705926.html\" data-ylk=\"slk:maire de Paris;elm:context_link;itc:0;sec:content-canvas;outcm:mb_qualified_link;_E:mb_qualified_link;ct:story;\" class=\"link  yahoo-link\" rel=\"nofollow noopener\" target=\"_blank\">maire de Paris<\/a> entre 1995 et 2001\u00a0est d\u00e9c\u00e9d\u00e9\u00a0\u00e0 l\u2019\u00e2ge de 90\u00a0ans\u00a0; c\u2019est sa lointaine successeure \u00e0 la mairie du Ve arrondissement qui l\u2019a annonc\u00e9 ce mardi 27\u00a0mai. Natif de la capitale (en 1935) avait succ\u00e9d\u00e9 \u00e0 <a href=\"https:\/\/www.huffingtonpost.fr\/politique\/article\/jacques-chirac-honore-a-l-assemblee-d-une-plaque-commemorative_170396.html\" rel=\"nofollow noopener\" target=\"_blank\" data-ylk=\"slk:Jacques Chirac;elm:context_link;itc:0;sec:content-canvas\" class=\"link \">Jacques Chirac<\/a> dont il \u00e9tait le premier adjoint lorsque celui-ci est devenu pr\u00e9sident de la R\u00e9publique.<\/p>\n<p>Battu par Bertrand Delano\u00eb en 2001 (il avait fait une dissidence face \u00e0 Philippe S\u00e9guin, candidat officiel du RRP), Jean Tiberi \u00e9tait redevenu maire du Ve arrondissement jusqu\u2019en 2014.<\/p>\n<p><a href=\"https:\/\/fr.news.yahoo.com\/municipales-2026-jeux-politiciens-derri%C3%A8re-115148758.html\" data-ylk=\"slk:Municipales 2026\u00a0: les jeux politiciens derri\u00e8re la volont\u00e9 de changer les r\u00e8gles du vote \u00e0 Paris, Lyon et Marseille;elm:context_link;itc:0;sec:content-canvas;outcm:mb_qualified_link;_E:mb_qualified_link;ct:story;\" class=\"link  yahoo-link\" rel=\"nofollow noopener\" target=\"_blank\"> Municipales 2026\u00a0: les jeux politiciens derri\u00e8re la volont\u00e9 de changer les r\u00e8gles du vote \u00e0 Paris, Lyon et Marseille <\/a><\/p>\n<p>Sa carri\u00e8re politique aura aussi \u00e9t\u00e9 marqu\u00e9e par une affaire judiciaire -celle des faux \u00e9lecteurs de la mairie du Ve arrondissement- qui lui a valu dix mois de prison avec sursis, 10\u00a0euros d\u2019amende et trois ans d\u2019in\u00e9ligibilit\u00e9. Sa femme Xavi\u00e8re est \u00e9galement condamn\u00e9e \u00e0 neuf mois de prison. Leurs peines ont \u00e9t\u00e9 consid\u00e9r\u00e9es comme d\u00e9finitives apr\u00e8s le rejet, en 2015, de son pourvoi en cassation. En 2020, Jean Tiberi aura bien tent\u00e9 une derni\u00e8re apparition, en figurant sur la liste de son fils Dominique pour les municipales. Ils ne recueilleront que 2\u00a0%.<\/p>\n<p>D\u00e9put\u00e9 presque sans discontinuer de 1968\u00a0\u00e0 2012, Jean Tiberi a \u00e9galement \u00e9t\u00e9 bri\u00e8vement ministre. Durant l\u2019ann\u00e9e 1976, il \u00e9tait secr\u00e9taire d\u2019\u00c9tat charg\u00e9 des industries alimentaires dans le gouvernement Chirac sous la pr\u00e9sidence de Val\u00e9ry Giscard\u00a0d\u2019Estaing.<\/p>\n<p><strong>Plus d\u2019informations \u00e0 suivre\u2026<\/strong><\/p>\n<p><a href=\"https:\/\/fr.news.yahoo.com\/anne-hidalgo-d%C3%A9missionnait-mairie-paris-135513524.html\" data-ylk=\"slk:Et si Anne Hidalgo d\u00e9missionnait de la mairie de Paris pour ce tr\u00e8s haut poste \u00e0 l\u2019Onu\u2026;elm:context_link;itc:0;sec:content-canvas;outcm:mb_qualified_link;_E:mb_qualified_link;ct:story;\" class=\"link  yahoo-link\" rel=\"nofollow noopener\" target=\"_blank\"> Et si Anne Hidalgo d\u00e9missionnait de la mairie de Paris pour ce tr\u00e8s haut poste \u00e0 l\u2019Onu\u2026 <\/a><\/p>\n<p><a href=\"https:\/\/fr.news.yahoo.com\/rachida-dati-troll%C3%A9e-plein-conseil-111309409.html\" data-ylk=\"slk:Rachida Dati troll\u00e9e en plein Conseil de Paris par ce candidat \u00e0 la mairie;elm:context_link;itc:0;sec:content-canvas;outcm:mb_qualified_link;_E:mb_qualified_link;ct:story;\" class=\"link  yahoo-link\" rel=\"nofollow noopener\" target=\"_blank\"> Rachida Dati troll\u00e9e en plein Conseil de Paris par ce candidat \u00e0 la mairie <\/a><\/p>\n","protected":false},"excerpt":{"rendered":"PARIS &#8211; La capitale perd son deuxi\u00e8me \u00e9dile. Jean Tiberi, maire de Paris entre 1995 et 2001\u00a0est d\u00e9c\u00e9d\u00e9\u00a0\u00e0&hellip;\n","protected":false},"author":2,"featured_media":131495,"comment_status":"","ping_status":"","sticky":false,"template":"","format":"standard","meta":{"footnotes":""},"categories":[1888],"tags":[1111,1928,11,1927,1777,674,1011,27,3095,25571,12258,12,1926,626,1925,25574,25573,25,25572],"class_list":{"0":"post-131494","1":"post","2":"type-post","3":"status-publish","4":"format-standard","5":"has-post-thumbnail","7":"category-paris","8":"tag-actu","9":"tag-actu-paris","10":"tag-actualites","11":"tag-actualites-paris","12":"tag-eu","13":"tag-europe","14":"tag-fr","15":"tag-france","16":"tag-jacques-chirac","17":"tag-jean-tiberi","18":"tag-maire-de-paris","19":"tag-news","20":"tag-news-paris","21":"tag-paris","22":"tag-paris-news","23":"tag-philippe-seguin","24":"tag-pourvoi-en-cassation","25":"tag-republique-francaise","26":"tag-ve-arrondissement"},"share_on_mastodon":{"url":"https:\/\/pubeurope.com\/@fr\/114579206779627733","error":""},"_links":{"self":[{"href":"https:\/\/www.europesays.com\/fr\/wp-json\/wp\/v2\/posts\/131494","targetHints":{"allow":["GET"]}}],"collection":[{"href":"https:\/\/www.europesays.com\/fr\/wp-json\/wp\/v2\/posts"}],"about":[{"href":"https:\/\/www.europesays.com\/fr\/wp-json\/wp\/v2\/types\/post"}],"author":[{"embeddable":true,"href":"https:\/\/www.europesays.com\/fr\/wp-json\/wp\/v2\/users\/2"}],"replies":[{"embeddable":true,"href":"https:\/\/www.europesays.com\/fr\/wp-json\/wp\/v2\/comments?post=131494"}],"version-history":[{"count":0,"href":"https:\/\/www.europesays.com\/fr\/wp-json\/wp\/v2\/posts\/131494\/revisions"}],"wp:featuredmedia":[{"embeddable":true,"href":"https:\/\/www.europesays.com\/fr\/wp-json\/wp\/v2\/media\/131495"}],"wp:attachment":[{"href":"https:\/\/www.europesays.com\/fr\/wp-json\/wp\/v2\/media?parent=131494"}],"wp:term":[{"taxonomy":"category","embeddable":true,"href":"https:\/\/www.europesays.com\/fr\/wp-json\/wp\/v2\/categories?post=131494"},{"taxonomy":"post_tag","embeddable":true,"href":"https:\/\/www.europesays.com\/fr\/wp-json\/wp\/v2\/tags?post=131494"}],"curies":[{"name":"wp","href":"https:\/\/api.w.org\/{rel}","templated":true}]}}