{"id":131500,"date":"2025-05-27T10:00:09","date_gmt":"2025-05-27T10:00:09","guid":{"rendered":"https:\/\/www.europesays.com\/fr\/131500\/"},"modified":"2025-05-27T10:00:09","modified_gmt":"2025-05-27T10:00:09","slug":"moscou-accuse-kiev-dintensifier-ses-attaques-aeriennes-pour-perturber-les-negociations-de-paix","status":"publish","type":"post","link":"https:\/\/www.europesays.com\/fr\/131500\/","title":{"rendered":"Moscou accuse Kiev d\u2019intensifier ses attaques a\u00e9riennes pour perturber les n\u00e9gociations de paix"},"content":{"rendered":"<p><a href=\"https:\/\/www.letelegramme.fr\/monde\/guerre-ukraine-russie\/andrei-belooussov-un-technocrate-pour-poursuivre-lassaut-russe-en-ukraine-6583221.php\" target=\"_blank\" rel=\"nofollow noopener\">Le minist\u00e8re russe de la D\u00e9fense<\/a> a accus\u00e9 ce mardi 27 mai Kiev d\u2019intensifier ses attaques a\u00e9riennes en Russie pour perturber \u00ab le processus de n\u00e9gociations \u00bb <a href=\"https:\/\/www.letelegramme.fr\/monde\/guerre-ukraine-russie\/\" target=\"_blank\" rel=\"nofollow noopener\">entre les deux pays<\/a>, apr\u00e8s plusieurs jours de frappes meurtri\u00e8res en Ukraine.<\/p>\n<p>\u00ab Une s\u00e9rie de mesures provocatrices \u00bb<\/p>\n<p>\u00ab \u00c0 l\u2019initiative de la F\u00e9d\u00e9ration de Russie, le dialogue direct entre la Russie et l\u2019Ukraine sur le r\u00e8glement pacifique du conflit en Ukraine a \u00e9t\u00e9 repris \u00bb \u00e0 Istanbul il y a une dizaine de jours, a assur\u00e9 le minist\u00e8re. \u00ab Dans le m\u00eame temps, le r\u00e9gime de Kiev, avec le soutien de certains pays europ\u00e9ens, a pris une s\u00e9rie de mesures provocatrices visant \u00e0 faire \u00e9chouer le processus de n\u00e9gociations \u00bb, a indiqu\u00e9 le minist\u00e8re dans un communiqu\u00e9.<\/p>\n<p>Il a affirm\u00e9 que l\u2019Ukraine avait, depuis le 20 mai dernier, \u00ab multipli\u00e9 les attaques \u00e0 l\u2019aide de drones et de missiles \u00bb contre des installations civiles en Russie. Le minist\u00e8re a assur\u00e9 que ses propres frappes en Ukraine \u00e9taient une \u00ab r\u00e9ponse \u00bb \u00e0 des attaques de drones ukrainiens ayant fait des victimes civiles russes.<\/p>\n<p>Treize civils ukrainiens tu\u00e9s dimanche<\/p>\n<p>La Russie affirme toujours ne viser que des installations li\u00e9es \u00e0 l\u2019arm\u00e9e en Ukraine, m\u00eame si des villes enti\u00e8res ont \u00e9t\u00e9 ravag\u00e9es par son assaut lanc\u00e9 en f\u00e9vrier 2022. L\u2019Ukraine a dit avoir \u00e9t\u00e9 vis\u00e9e par des attaques a\u00e9riennes russes massives ces derniers jours. Dimanche, 13 civils, dont trois enfants de la m\u00eame famille, avaient p\u00e9ri dans des attaques de missiles et drones russes, selon Kiev. Cette vague de frappes avait conduit le pr\u00e9sident am\u00e9ricain Donald Trump \u00e0 durcir le ton contre Moscou, <a href=\"https:\/\/www.letelegramme.fr\/monde\/guerre-ukraine-russie\/attaques-meurtrieres-en-ukraine-poutine-est-devenu-completement-fou-affirme-trump-6824334.php\" target=\"_blank\" rel=\"nofollow noopener\">jugeant que le pr\u00e9sident russe Vladimir Poutine \u00e9tait \u00ab compl\u00e8tement fou<\/a> \u00bb.<\/p>\n","protected":false},"excerpt":{"rendered":"Le minist\u00e8re russe de la D\u00e9fense a accus\u00e9 ce mardi 27 mai Kiev d\u2019intensifier ses attaques a\u00e9riennes en&hellip;\n","protected":false},"author":2,"featured_media":131501,"comment_status":"","ping_status":"","sticky":false,"template":"","format":"standard","meta":{"footnotes":""},"categories":[1591],"tags":[11,765,1887,131,2069,74,12,1885,1886,132,220],"class_list":{"0":"post-131500","1":"post","2":"type-post","3":"status-publish","4":"format-standard","5":"has-post-thumbnail","7":"category-russie","8":"tag-actualites","9":"tag-en-continu","10":"tag-federation-de-russie","11":"tag-guerre-en-ukraine","12":"tag-guerre-ukraine-russie","13":"tag-monde","14":"tag-news","15":"tag-russia","16":"tag-russian-federation","17":"tag-russie","18":"tag-ukraine"},"share_on_mastodon":{"url":"https:\/\/pubeurope.com\/@fr\/114579218428803689","error":""},"_links":{"self":[{"href":"https:\/\/www.europesays.com\/fr\/wp-json\/wp\/v2\/posts\/131500","targetHints":{"allow":["GET"]}}],"collection":[{"href":"https:\/\/www.europesays.com\/fr\/wp-json\/wp\/v2\/posts"}],"about":[{"href":"https:\/\/www.europesays.com\/fr\/wp-json\/wp\/v2\/types\/post"}],"author":[{"embeddable":true,"href":"https:\/\/www.europesays.com\/fr\/wp-json\/wp\/v2\/users\/2"}],"replies":[{"embeddable":true,"href":"https:\/\/www.europesays.com\/fr\/wp-json\/wp\/v2\/comments?post=131500"}],"version-history":[{"count":0,"href":"https:\/\/www.europesays.com\/fr\/wp-json\/wp\/v2\/posts\/131500\/revisions"}],"wp:featuredmedia":[{"embeddable":true,"href":"https:\/\/www.europesays.com\/fr\/wp-json\/wp\/v2\/media\/131501"}],"wp:attachment":[{"href":"https:\/\/www.europesays.com\/fr\/wp-json\/wp\/v2\/media?parent=131500"}],"wp:term":[{"taxonomy":"category","embeddable":true,"href":"https:\/\/www.europesays.com\/fr\/wp-json\/wp\/v2\/categories?post=131500"},{"taxonomy":"post_tag","embeddable":true,"href":"https:\/\/www.europesays.com\/fr\/wp-json\/wp\/v2\/tags?post=131500"}],"curies":[{"name":"wp","href":"https:\/\/api.w.org\/{rel}","templated":true}]}}