{"id":131508,"date":"2025-05-27T10:04:09","date_gmt":"2025-05-27T10:04:09","guid":{"rendered":"https:\/\/www.europesays.com\/fr\/131508\/"},"modified":"2025-05-27T10:04:09","modified_gmt":"2025-05-27T10:04:09","slug":"vers-une-3eme-annee-de-recession-pour-lallemagne-du-jamais-vu-depuis-lapres-guerre-27-05-2025-a-1108","status":"publish","type":"post","link":"https:\/\/www.europesays.com\/fr\/131508\/","title":{"rendered":"Vers une 3\u00e8me ann\u00e9e de r\u00e9cession pour l\u2019Allemagne, du jamais vu depuis l\u2019apr\u00e8s-guerre &#8211; 27\/05\/2025 \u00e0 11:08"},"content":{"rendered":"<p>\n (AOF) &#8211; L\u2019\u00e9conomie outre-Rhin ne montre toujours aucun signe de reprise durable apr\u00e8s d\u00e9j\u00e0 deux ann\u00e9es de r\u00e9cession, selon la Chambre de commerce et d\u2019industrie allemande (DIHK). L\u2019indice de confiance actuel de la DIHK, qui recueille les \u00e9valuations de plus de 23 000 entreprises de presque tous les secteurs et r\u00e9gions se situe dans la fourchette pessimiste \u00e0 94,9 points.\n<\/p>\n<p>\n Pour Helena Melnikov, la directrice g\u00e9n\u00e9rale de cette chambre de commerce et d&rsquo;industrie il y a urgence : \u00a0\u00bb Aucun de nos indicateurs n&rsquo;est positif. La reprise \u00e9conomique que nous souhaitons tous et dont notre pays a besoin n&rsquo;est pas encore en vue. Les risques auxquels les entreprises sont confront\u00e9es soulignent l&rsquo;urgence d&rsquo;agir en mati\u00e8re de politique \u00e9conomique \u00ab\u00a0. Pour l&rsquo;ensemble de l&rsquo;ann\u00e9e 2025, la DIHK pr\u00e9voit une baisse du PIB de 0,3 %, ce qui ferait une troisi\u00e8me ann\u00e9e cons\u00e9cutive de contraction, une premi\u00e8re depuis l&rsquo;apr\u00e8s-guerre.\n<\/p>\n<p>\n Cette enqu\u00eate a \u00e9t\u00e9 men\u00e9e entre fin mars et fin avril, avant l&rsquo;entr\u00e9e en fonction du nouveau gouvernement et celui-ci peut encore faire ses preuves et changer de cap en donnant une impulsion positive avant la pause estivale.\n<\/p>\n<p>\n En attendant, en Bourse, le Dax a franchi un nouveau plus haut historique dans la matin\u00e9e \u00e0 24 161 points et affiche un gain de plus de 21 % depuis le d\u00e9but de l&rsquo;ann\u00e9e, contre un gain de 6 % pour le CAC 40 par exemple.<\/p>\n","protected":false},"excerpt":{"rendered":"(AOF) &#8211; L\u2019\u00e9conomie outre-Rhin ne montre toujours aucun signe de reprise durable apr\u00e8s d\u00e9j\u00e0 deux ann\u00e9es de r\u00e9cession,&hellip;\n","protected":false},"author":2,"featured_media":2554,"comment_status":"","ping_status":"","sticky":false,"template":"","format":"standard","meta":{"footnotes":""},"categories":[1587],"tags":[400,11,672,398,408,1804,405,1805,1803,1777,674,1801,403,402,399,404,12,1802,401,406,407],"class_list":{"0":"post-131508","1":"post","2":"type-post","3":"status-publish","4":"format-standard","5":"has-post-thumbnail","7":"category-allemagne","8":"tag-action-cac-40","9":"tag-actualites","10":"tag-allemagne","11":"tag-bourse-de-paris","12":"tag-boursorama","13":"tag-bundesrepublik-deutschland","14":"tag-cotations","15":"tag-de","16":"tag-deutschland","17":"tag-eu","18":"tag-europe","19":"tag-germany","20":"tag-indices-devises","21":"tag-investir","22":"tag-investissement","23":"tag-marche-boursier","24":"tag-news","25":"tag-republique-federale-dallemagne","26":"tag-sicav","27":"tag-trackers","28":"tag-warrants"},"share_on_mastodon":{"url":"","error":""},"_links":{"self":[{"href":"https:\/\/www.europesays.com\/fr\/wp-json\/wp\/v2\/posts\/131508","targetHints":{"allow":["GET"]}}],"collection":[{"href":"https:\/\/www.europesays.com\/fr\/wp-json\/wp\/v2\/posts"}],"about":[{"href":"https:\/\/www.europesays.com\/fr\/wp-json\/wp\/v2\/types\/post"}],"author":[{"embeddable":true,"href":"https:\/\/www.europesays.com\/fr\/wp-json\/wp\/v2\/users\/2"}],"replies":[{"embeddable":true,"href":"https:\/\/www.europesays.com\/fr\/wp-json\/wp\/v2\/comments?post=131508"}],"version-history":[{"count":0,"href":"https:\/\/www.europesays.com\/fr\/wp-json\/wp\/v2\/posts\/131508\/revisions"}],"wp:featuredmedia":[{"embeddable":true,"href":"https:\/\/www.europesays.com\/fr\/wp-json\/wp\/v2\/media\/2554"}],"wp:attachment":[{"href":"https:\/\/www.europesays.com\/fr\/wp-json\/wp\/v2\/media?parent=131508"}],"wp:term":[{"taxonomy":"category","embeddable":true,"href":"https:\/\/www.europesays.com\/fr\/wp-json\/wp\/v2\/categories?post=131508"},{"taxonomy":"post_tag","embeddable":true,"href":"https:\/\/www.europesays.com\/fr\/wp-json\/wp\/v2\/tags?post=131508"}],"curies":[{"name":"wp","href":"https:\/\/api.w.org\/{rel}","templated":true}]}}