{"id":131509,"date":"2025-05-27T10:05:08","date_gmt":"2025-05-27T10:05:08","guid":{"rendered":"https:\/\/www.europesays.com\/fr\/131509\/"},"modified":"2025-05-27T10:05:08","modified_gmt":"2025-05-27T10:05:08","slug":"leurope-sans-antidote-face-a-lextreme-droite-par-eric-chol-lexpress","status":"publish","type":"post","link":"https:\/\/www.europesays.com\/fr\/131509\/","title":{"rendered":"L\u2019Europe sans antidote face \u00e0 l\u2019extr\u00eame droite, par Eric Chol \u2013 L&rsquo;Express"},"content":{"rendered":"<p class=\"paragraph article-body-paragraph article__item   article-body-paragraph--first \">Mormant-sur-Vernisson, petit village fran\u00e7ais. Ses 133 habitants, qui ont vot\u00e9 \u00e0 89,7 % RN aux derni\u00e8res \u00e9lections l\u00e9gislatives. C\u2019est dans ce hameau du G\u00e2tinais, au sud de Montargis, que Jordan Bardella et Marine Le Pen ont donn\u00e9 rendez-vous le 9 juin \u00e0 l\u2019extr\u00eame droite europ\u00e9enne pour la f\u00eate de la victoire, un an apr\u00e8s son succ\u00e8s \u00e9lectoral. <a href=\"https:\/\/www.lexpress.fr\/monde\/europe\/en-hongrie-viktor-orban-franchit-un-nouveau-cap-dans-sa-revolution-conservatrice-VGVHIJ7PXZAS3IKGBXIW2QWVRU\/\" rel=\"nofollow noopener\" target=\"_blank\">Le Hongrois Viktor Orban<\/a> (Fidesz), l\u2019Italien <a href=\"https:\/\/www.lexpress.fr\/politique\/elon-musk-viktor-orban-matteo-salvini-les-soutiens-de-marine-le-pen-se-mobilisent-dans-le-monde-3CG6OIZPSJGHZCHA5RNUUMW4IA\/\" rel=\"nofollow noopener\" target=\"_blank\">Matteo Salvini<\/a> (la Ligue), le N\u00e9erlandais Geert Wilders (Parti pour la libert\u00e9), ou encore l\u2019Espagnol Santiago Abascal (Vox) ont re\u00e7u leurs cartons d\u2019invitation : leurs \u00e9lus si\u00e8gent au sein des Patriotes pour l\u2019Europe, le groupe pr\u00e9sid\u00e9 par Jordan Bardella au Parlement europ\u00e9en.<\/p>\n<p><strong class=\"article-body-link-list__item text-gray-800 article-body-link-list__item--one-item\">LIRE AUSSI : <a class=\"article-body-link-list__item-link\" href=\"https:\/\/www.lexpress.fr\/politique\/rn\/si-cest-jordan-bardella-je-ny-arriverai-pas-au-rn-le-crepuscule-des-fideles-de-marine-le-pen-L2Q3AAKVXZBRLO2ICCURNQZ5KM\/\" target=\"_blank\" rel=\"noreferrer nofollow noopener\">\u00ab\u00a0Si c\u2019est Jordan Bardella, je n\u2019y arriverai pas\u2026\u00a0\u00bb : au RN, le cr\u00e9puscule des fid\u00e8les de Marine Le Pen<\/a><\/strong><\/p>\n<p class=\"paragraph article-body-paragraph article__item   \">Le ouf de soulagement ressenti dans les capitales europ\u00e9ennes apr\u00e8s la d\u00e9faite du nationaliste roumain George Simion risque d\u2019\u00eatre de courte dur\u00e9e. Car <a href=\"https:\/\/www.lexpress.fr\/monde\/europe\/roumanie-nicusor-dan-lactiviste-anticorruption-vainqueur-surprise-de-la-presidentielle-WYUQLUZQ7REDRFTWBN45VWB7ZA\/\" rel=\"nofollow noopener\" target=\"_blank\">la victoire \u00e0 l\u2019arrach\u00e9 obtenue par Nicusor Dan<\/a>, le maire pro-europ\u00e9en de Bucarest ne doit pas faire illusion. Si la Roumanie n\u2019a pas encore bascul\u00e9 dans le camp du populisme, ses partisans sont aux portes du pouvoir. Comme partout en Europe, \u00e0 commencer par <a href=\"https:\/\/www.lexpress.fr\/monde\/europe\/presidentielle-en-pologne-les-tres-cheres-voix-des-jeunes-electeurs-dextreme-droite-CSBNOFEM2VGDJBKCFM7DJU5G2E\/\" rel=\"nofollow noopener\" target=\"_blank\">la Pologne<\/a>, o\u00f9 se tient le 1er juin le deuxi\u00e8me tour de l&rsquo;\u00e9lection pr\u00e9sidentielle : le candidat nationaliste Karol Nawrocki a accept\u00e9 les conditions fix\u00e9es par le leader d\u2019extr\u00eame droite Slawomir Mentzen pour tenter d\u2019obtenir les voix manquantes.<\/p>\n<\/p>\n<p class=\"paragraph article-body-paragraph article__item   \">Au Portugal, Chega, le mouvement d\u2019extr\u00eame droite n\u00e9 en 2019, vient de s\u2019imposer comme la premi\u00e8re force d\u2019opposition du pays. M\u00eame tremblement de terre en Allemagne, avec <a href=\"https:\/\/www.lexpress.fr\/idees-et-debats\/interdiction-de-lafd-un-debat-aussi-grotesque-que-preoccupant-par-rainer-zitelmann-7C7BJK64DFE6FM54HR6LZOXWDY\/\" rel=\"nofollow noopener\" target=\"_blank\">l\u2019AfD<\/a>, qui, avec ses 20,8 % de ses suffrages, a envoy\u00e9 152 d\u00e9put\u00e9s en f\u00e9vrier au Bundestag.<\/p>\n<p>\u00ab\u00a0Sentiment d&rsquo;une d\u00e9stabilisation existentielle\u00a0\u00bb<\/p>\n<p class=\"paragraph article-body-paragraph article__item   \">Partout, les m\u00eames tendances sont \u00e0 l\u2019\u0153uvre, sapant les fondements des d\u00e9mocraties lib\u00e9rales. Un mouvement ancien, n\u00e9 au milieu des ann\u00e9es 1990, mais qui n\u2019a cess\u00e9 de s\u2019amplifier. \u00ab\u00a0<a href=\"https:\/\/www.lexpress.fr\/economie\/loi-immigration-la-nouvelle-liste-des-metiers-en-tension-enfin-publiee-NGOEHKRMQFGLTNX5BAIOKIN3RI\/\" rel=\"nofollow noopener\" target=\"_blank\">Le th\u00e8me de l\u2019immigration<\/a> est un d\u00e9terminant principal et renvoie \u00e0 la question g\u00e9n\u00e9rale de ce que certains appellent la crise de l\u2019identit\u00e9 ; je pr\u00e9f\u00e8re parler de crise patrimoniale : il s\u2019agit d\u2019un sentiment d\u2019une d\u00e9stabilisation existentielle\u00a0\u00bb, explique Dominique Reyni\u00e9, directeur g\u00e9n\u00e9ral du think-tank Fondapol.<\/p>\n<p><strong class=\"article-body-link-list__item text-gray-800 article-body-link-list__item--one-item\">LIRE AUSSI : <a class=\"article-body-link-list__item-link\" href=\"https:\/\/www.lexpress.fr\/monde\/europe\/europe-quelques-defaites-trumpistes-une-victoire-de-la-trumpisation-par-marion-van-renterghem-YWI3WDM4WJARLC4ZIFHUMFADZY\/\" target=\"_blank\" rel=\"noreferrer nofollow noopener\">Europe : quelques d\u00e9faites trumpistes, une victoire de la trumpisation, par Marion van Renterghem<\/a><\/strong><\/p>\n<p class=\"paragraph article-body-paragraph article__item   \">Longtemps, on a cru que la raison endiguerait la fi\u00e8vre radicale. Mais rien n\u2019y fait et ce qu\u2019on surnommait \u00ab\u00a0le privil\u00e8ge de la comp\u00e9tence\u00a0\u00bb, sorte de ligne Maginot antipopuliste, a fini par tomber, ouvrant les portes du pouvoir aux partis radicaux. Les arguments rationnels n\u2019ont plus de prise. En 2024 et d\u00e9but 2025, les statistiques de l\u2019immigration irr\u00e9guli\u00e8re en Europe ont par exemple spectaculairement chut\u00e9, sans pour autant rassurer des peuples inquiets.<\/p>\n<p><strong class=\"article-body-link-list__item text-gray-800 article-body-link-list__item--one-item\">LIRE AUSSI : <a class=\"article-body-link-list__item-link\" href=\"https:\/\/www.lexpress.fr\/monde\/europe\/les-jeunes-femmes-penchent-a-gauche-les-jeunes-hommes-a-droite-le-nouveau-clivage-ideologique-GAQXIWTD2BGSTOMVGQ5OOM4K5I\/\" target=\"_blank\" rel=\"noreferrer nofollow noopener\">Les jeunes se radicalisent, les femmes \u00e0 gauche, les hommes \u00e0 droite : le nouveau clivage id\u00e9ologique<\/a><\/strong><\/p>\n<p class=\"paragraph article-body-paragraph article__item    article__text__endpicto\">Peu importe les multiples contradictions de ces formations ou leurs valeurs tr\u00e8s h\u00e9t\u00e9rog\u00e8nes, voire oppos\u00e9es. Mormant-sur-Vernisson, qui s\u2019appr\u00eate \u00e0 accueillir le meeting champ\u00eatre de l\u2019extr\u00eame droite europ\u00e9enne, signifie \u00ab\u00a0ville morte\u00a0\u00bb. En souvenir de l\u2019invasion des Huns au Ve si\u00e8cle. Ce lundi de Pentec\u00f4te, les partisans de Jordan Bardella ou de Viktor Orban \u00e9viteront de citer le nom d\u2019Attila, adul\u00e9 en Hongrie, mais synonyme d\u2019ennemi redout\u00e9 en Europe occidentale. L\u2019Europe r\u00e9actionnaire se nourrit de nouveaux barbares. Il est temps que la vieille Europe ouvre les yeux.<\/p>\n","protected":false},"excerpt":{"rendered":"Mormant-sur-Vernisson, petit village fran\u00e7ais. Ses 133 habitants, qui ont vot\u00e9 \u00e0 89,7 % RN aux derni\u00e8res \u00e9lections l\u00e9gislatives.&hellip;\n","protected":false},"author":2,"featured_media":131510,"comment_status":"","ping_status":"","sticky":false,"template":"","format":"standard","meta":{"footnotes":""},"categories":[1586],"tags":[11,1777,674,1011,27,74,12,316,25,2848,104],"class_list":{"0":"post-131509","1":"post","2":"type-post","3":"status-publish","4":"format-standard","5":"has-post-thumbnail","7":"category-europe","8":"tag-actualites","9":"tag-eu","10":"tag-europe","11":"tag-fr","12":"tag-france","13":"tag-monde","14":"tag-news","15":"tag-politique","16":"tag-republique-francaise","17":"tag-rn","18":"tag-societe"},"share_on_mastodon":{"url":"https:\/\/pubeurope.com\/@fr\/114579237984900185","error":""},"_links":{"self":[{"href":"https:\/\/www.europesays.com\/fr\/wp-json\/wp\/v2\/posts\/131509","targetHints":{"allow":["GET"]}}],"collection":[{"href":"https:\/\/www.europesays.com\/fr\/wp-json\/wp\/v2\/posts"}],"about":[{"href":"https:\/\/www.europesays.com\/fr\/wp-json\/wp\/v2\/types\/post"}],"author":[{"embeddable":true,"href":"https:\/\/www.europesays.com\/fr\/wp-json\/wp\/v2\/users\/2"}],"replies":[{"embeddable":true,"href":"https:\/\/www.europesays.com\/fr\/wp-json\/wp\/v2\/comments?post=131509"}],"version-history":[{"count":0,"href":"https:\/\/www.europesays.com\/fr\/wp-json\/wp\/v2\/posts\/131509\/revisions"}],"wp:featuredmedia":[{"embeddable":true,"href":"https:\/\/www.europesays.com\/fr\/wp-json\/wp\/v2\/media\/131510"}],"wp:attachment":[{"href":"https:\/\/www.europesays.com\/fr\/wp-json\/wp\/v2\/media?parent=131509"}],"wp:term":[{"taxonomy":"category","embeddable":true,"href":"https:\/\/www.europesays.com\/fr\/wp-json\/wp\/v2\/categories?post=131509"},{"taxonomy":"post_tag","embeddable":true,"href":"https:\/\/www.europesays.com\/fr\/wp-json\/wp\/v2\/tags?post=131509"}],"curies":[{"name":"wp","href":"https:\/\/api.w.org\/{rel}","templated":true}]}}