{"id":131517,"date":"2025-05-27T10:09:08","date_gmt":"2025-05-27T10:09:08","guid":{"rendered":"https:\/\/www.europesays.com\/fr\/131517\/"},"modified":"2025-05-27T10:09:08","modified_gmt":"2025-05-27T10:09:08","slug":"ces-fraises-vendues-dans-toute-la-france-ne-doivent-pas-etre-consommees","status":"publish","type":"post","link":"https:\/\/www.europesays.com\/fr\/131517\/","title":{"rendered":"Ces fraises, vendues dans toute la France, ne doivent pas \u00eatre consomm\u00e9es"},"content":{"rendered":"<p>Des fraises en provenance d\u2019Espagne, vendues en barquette de 1\u00a0kg, font l\u2019objet d\u2019un rappel, <a title=\"Lien vers la fiche\" target=\"_blank\" href=\"https:\/\/rappel.conso.gouv.fr\/fiche-rappel\/18238\/InterneThu,%2022%20May%202025%2010:34:54%20GMT\" rel=\"nofollow noopener\">\u00e9mis par Rappel Conso<\/a> jeudi 22\u00a0mai 2025. En cause, la pr\u00e9sence d\u2019etoxazole, un pesticide qui tue les acariens, au-del\u00e0 des limites autoris\u00e9es \u2013 <a title=\"Lien vers les r\u00e9sultats de l&#039;analyse\" target=\"_blank\" href=\"https:\/\/rappel.conso.gouv.fr\/document\/56cbaf06-6b87-4102-88bc-84dff5977fa2\/Interne\/ListeDesProduits\" rel=\"nofollow noopener\">\u00e0 0,025\u00a0mg\/kg<\/a> alors que cela ne devrait pas d\u00e9passer les 0,01\u00a0mg\/kg (1).<\/p>\n<p>Ces fraises, de la marque Fres Arte, ont \u00e9t\u00e9 commercialis\u00e9es dans toute la France par le distributeur\u00a0Lacour Exotic International. Les barquettes incrimin\u00e9es ont \u00e9t\u00e9 vendues entre le 26 et le 30\u00a0avril 2025.<\/p>\n<p>Nous avons bloqu\u00e9 l&rsquo;affichage de ce contenu pour respecter vos choix en mati\u00e8re de cookies. En cliquant sur \u00ab\u00a0Accepter\u00a0\u00bb,\u00a0vous acceptez le d\u00e9p\u00f4t de cookies. Vous pouvez modifier vos choix \u00e0 tout moment en vous rendant sur <a class=\"blocSansConsentement_lien__m9THN\" href=\"https:\/\/www.lanouvellerepublique.fr\/politique-de-confidentialite\" rel=\"nofollow noopener\" target=\"_blank\">cette page<\/a>.<\/p>\n<p>Accepter<\/p>\n<p>Rappel Conso recommande, si ce n\u2019est pas d\u00e9j\u00e0 fait, de ne pas consommer ces fraises et de se rapprocher du point de vente pour conna\u00eetre les modalit\u00e9s de compensation.<\/p>\n<p>(1) Avec une marge d\u2019erreur \u00e0 0,013\u00a0mg\/kg.<\/p>\n","protected":false},"excerpt":{"rendered":"Des fraises en provenance d\u2019Espagne, vendues en barquette de 1\u00a0kg, font l\u2019objet d\u2019un rappel, \u00e9mis par Rappel Conso&hellip;\n","protected":false},"author":2,"featured_media":131518,"comment_status":"","ping_status":"","sticky":false,"template":"","format":"standard","meta":{"footnotes":""},"categories":[4],"tags":[328,11,258,130,436,1011,27,329,12,25575,25,71],"class_list":{"0":"post-131517","1":"post","2":"type-post","3":"status-publish","4":"format-standard","5":"has-post-thumbnail","7":"category-france","8":"tag-a-la-une","9":"tag-actualites","10":"tag-alimentation","11":"tag-consommation","12":"tag-environnement","13":"tag-fr","14":"tag-france","15":"tag-france-monde","16":"tag-news","17":"tag-rappel-de-produit","18":"tag-republique-francaise","19":"tag-sante"},"share_on_mastodon":{"url":"https:\/\/pubeurope.com\/@fr\/114579253976500685","error":""},"_links":{"self":[{"href":"https:\/\/www.europesays.com\/fr\/wp-json\/wp\/v2\/posts\/131517","targetHints":{"allow":["GET"]}}],"collection":[{"href":"https:\/\/www.europesays.com\/fr\/wp-json\/wp\/v2\/posts"}],"about":[{"href":"https:\/\/www.europesays.com\/fr\/wp-json\/wp\/v2\/types\/post"}],"author":[{"embeddable":true,"href":"https:\/\/www.europesays.com\/fr\/wp-json\/wp\/v2\/users\/2"}],"replies":[{"embeddable":true,"href":"https:\/\/www.europesays.com\/fr\/wp-json\/wp\/v2\/comments?post=131517"}],"version-history":[{"count":0,"href":"https:\/\/www.europesays.com\/fr\/wp-json\/wp\/v2\/posts\/131517\/revisions"}],"wp:featuredmedia":[{"embeddable":true,"href":"https:\/\/www.europesays.com\/fr\/wp-json\/wp\/v2\/media\/131518"}],"wp:attachment":[{"href":"https:\/\/www.europesays.com\/fr\/wp-json\/wp\/v2\/media?parent=131517"}],"wp:term":[{"taxonomy":"category","embeddable":true,"href":"https:\/\/www.europesays.com\/fr\/wp-json\/wp\/v2\/categories?post=131517"},{"taxonomy":"post_tag","embeddable":true,"href":"https:\/\/www.europesays.com\/fr\/wp-json\/wp\/v2\/tags?post=131517"}],"curies":[{"name":"wp","href":"https:\/\/api.w.org\/{rel}","templated":true}]}}