{"id":131521,"date":"2025-05-27T10:11:09","date_gmt":"2025-05-27T10:11:09","guid":{"rendered":"https:\/\/www.europesays.com\/fr\/131521\/"},"modified":"2025-05-27T10:11:09","modified_gmt":"2025-05-27T10:11:09","slug":"ce-club-de-volley-decroche-la-montee-apres-une-belle-victoire","status":"publish","type":"post","link":"https:\/\/www.europesays.com\/fr\/131521\/","title":{"rendered":"ce club de volley d\u00e9croche la mont\u00e9e apr\u00e8s une belle victoire"},"content":{"rendered":"<p>            Par<br \/>\n        <strong><br \/>\n            <a href=\"https:\/\/actu.fr\/auteur\/redaction-jv\" title=\"Consulter tous les articles de R\u00e9daction Vitr\u00e9\" rel=\"nofollow noopener\" target=\"_blank\">R\u00e9daction Vitr\u00e9<\/a><br \/>\n        <\/strong><\/p>\n<p>        Publi\u00e9 le<\/p>\n<p>            27 mai 2025 \u00e0 7h10        <\/p>\n<p>L\u2019\u00e9quipe masculine de <b>Haute-Vilaine volley-ball<\/b> a d\u00e9croch\u00e9 la mont\u00e9e en <b>Pr\u00e9-Nationale<\/b> au terme d\u2019un match accompli, samedi 24\u00a0mai 2025, \u00e0 <b>Saint-M\u2019Herv\u00e9<\/b> (Ille-et-Vilaine).<\/p>\n<p class=\" wall-content\">Dans une ambiance \u00e9lectrique, les joueurs de Haute-Vilaine volley-ball ont sign\u00e9 l\u2019un des plus beaux chapitres de leur histoire r\u00e9cente en s\u2019imposant <b>3 sets \u00e0 1<\/b> face \u00e0 Pl\u0153meur.<\/p>\n<p>Les attaques puissantes d\u2019Edwin Pirot<\/p>\n<p class=\" wall-content\">Le d\u00e9but de rencontre a pourtant laiss\u00e9 planer le doute. Haute-Vilaine perd le premier set, malgr\u00e9 une prestation solide. Quelques impr\u00e9cisions, une rigueur adverse bien en place et Pl\u0153meur en profitent.<\/p>\n<p class=\" wall-content\">Mais cette entame ne freine pas les locaux, au contraire. D\u00e8s le deuxi\u00e8me set, les automatismes reviennent, l\u2019intensit\u00e9 monte et le collectif s\u2019affirme.<\/p>\n<p>    <img   decoding=\"async\" loading=\"lazy\" class=\"size-large\" src=\"https:\/\/www.europesays.com\/fr\/wp-content\/uploads\/2025\/05\/d932db9c74386fd32db9c74387142dv-960x640.jpeg\" alt=\"L'\u00e9quipe masculine de Haute-Vilaine volley-ball a d\u00e9croch\u00e9 la mont\u00e9e en Pr\u00e9-nationale apr\u00e8s sa victoire contre Ploemeur, samedi 24 mai 2025.\u00a0\" width=\"960\" height=\"640\"\/><br \/>\n    L\u2019\u00e9quipe masculine de Haute-Vilaine volley-ball a d\u00e9croch\u00e9 la mont\u00e9e en Pr\u00e9-nationale apr\u00e8s sa victoire contre Ploemeur, samedi 24\u00a0mai 2025. \u00a9Photo transmise au Journal de Vitr\u00e9Vid\u00e9os : en ce moment sur Actu<\/p>\n<p class=\" wall-content\">Les attaques puissantes d\u2019<b>Edwin Pirot<\/b>, parfaitement servies par Damien Justal, enflamment la salle. Le r\u00e9ceptionneur-attaquant et le passeur sont en osmose, combinent avec pr\u00e9cision et acc\u00e9l\u00e8rent le jeu. <b>Louis Segretain<\/b> rentre pleinement dans son match et les services pr\u00e9cis de L\u00e9o L\u00e9pinay mettent Pl\u0153meur sous pression, tandis que les attaques crois\u00e9es du gaucher J\u00e9r\u00e9my Filleul creusent l\u2019\u00e9cart.<\/p>\n<p class=\" wall-content\">Haute-Vilaine prend le contr\u00f4le, renverse le rythme et le match.<\/p>\n<p class=\" wall-content\">Le troisi\u00e8me set est ma\u00eetris\u00e9 et le quatri\u00e8me lib\u00e9rateur. Et c\u2019est <b>Axel Hamard<\/b> qui vient sceller la rencontre, en tapant fort dans le contre et le ballon file hors du terrain.<\/p>\n<p class=\" wall-content\">\u00ab\u2009Samedi soir, Haute-Vilaine n\u2019a pas seulement gagn\u00e9 une rencontre. Elle a construit un souvenir que ses joueurs n\u2019oublieront pas\u2009\u00bb, communique le club.<\/p>\n<p class=\" wall-content\">Suivez toute l\u2019actualit\u00e9 de vos villes et m\u00e9dias favoris en vous inscrivant \u00e0 <a href=\"https:\/\/moncompte.actu.fr\" title=\"D\u00e9couvez Mon Actu\" rel=\"nofollow noopener\" data-trk=\"{&quot;cta&quot;:{&quot;action&quot;:&quot;https:\\\/\\\/moncompte.actu.fr&quot;,&quot;category&quot;:&quot;mon compte&quot;,&quot;from&quot;:&quot;article footer&quot;,&quot;name&quot;:&quot;Mon actu&quot;,&quot;type&quot;:&quot;cta&quot;}}\" target=\"_blank\">Mon Actu<\/a>.<\/p>\n","protected":false},"excerpt":{"rendered":"Par R\u00e9daction Vitr\u00e9 Publi\u00e9 le 27 mai 2025 \u00e0 7h10 L\u2019\u00e9quipe masculine de Haute-Vilaine volley-ball a d\u00e9croch\u00e9 la&hellip;\n","protected":false},"author":2,"featured_media":131522,"comment_status":"","ping_status":"","sticky":false,"template":"","format":"standard","meta":{"footnotes":""},"categories":[1417],"tags":[1011,27,60,1470,1469],"class_list":{"0":"post-131521","1":"post","2":"type-post","3":"status-publish","4":"format-standard","5":"has-post-thumbnail","7":"category-volley","8":"tag-fr","9":"tag-france","10":"tag-sports","11":"tag-volley","12":"tag-volleyball"},"share_on_mastodon":{"url":"https:\/\/pubeurope.com\/@fr\/114579261610722609","error":""},"_links":{"self":[{"href":"https:\/\/www.europesays.com\/fr\/wp-json\/wp\/v2\/posts\/131521","targetHints":{"allow":["GET"]}}],"collection":[{"href":"https:\/\/www.europesays.com\/fr\/wp-json\/wp\/v2\/posts"}],"about":[{"href":"https:\/\/www.europesays.com\/fr\/wp-json\/wp\/v2\/types\/post"}],"author":[{"embeddable":true,"href":"https:\/\/www.europesays.com\/fr\/wp-json\/wp\/v2\/users\/2"}],"replies":[{"embeddable":true,"href":"https:\/\/www.europesays.com\/fr\/wp-json\/wp\/v2\/comments?post=131521"}],"version-history":[{"count":0,"href":"https:\/\/www.europesays.com\/fr\/wp-json\/wp\/v2\/posts\/131521\/revisions"}],"wp:featuredmedia":[{"embeddable":true,"href":"https:\/\/www.europesays.com\/fr\/wp-json\/wp\/v2\/media\/131522"}],"wp:attachment":[{"href":"https:\/\/www.europesays.com\/fr\/wp-json\/wp\/v2\/media?parent=131521"}],"wp:term":[{"taxonomy":"category","embeddable":true,"href":"https:\/\/www.europesays.com\/fr\/wp-json\/wp\/v2\/categories?post=131521"},{"taxonomy":"post_tag","embeddable":true,"href":"https:\/\/www.europesays.com\/fr\/wp-json\/wp\/v2\/tags?post=131521"}],"curies":[{"name":"wp","href":"https:\/\/api.w.org\/{rel}","templated":true}]}}