{"id":131523,"date":"2025-05-27T10:12:09","date_gmt":"2025-05-27T10:12:09","guid":{"rendered":"https:\/\/www.europesays.com\/fr\/131523\/"},"modified":"2025-05-27T10:12:09","modified_gmt":"2025-05-27T10:12:09","slug":"lancien-ouvreur-du-xv-de-france-francois-trinh-duc-accompagne-emmanuel-macron-au-vietnam","status":"publish","type":"post","link":"https:\/\/www.europesays.com\/fr\/131523\/","title":{"rendered":"l\u2019ancien ouvreur du XV de France, Fran\u00e7ois Trinh-Duc, accompagne Emmanuel Macron au Vietnam"},"content":{"rendered":"<p><strong>LE SCAN SPORT &#8211; <\/strong>D\u2019origine vietnamienne, le finaliste de la Coupe du monde 2011 est pr\u00e9sent dans la d\u00e9l\u00e9gation pr\u00e9sidentielle en visite officielle en Asie du Sud-Est.<\/p>\n<p class=\"fig-paragraph\">En tourn\u00e9e diplomatique en Asie du Sud-Est pour quelques jours, le pr\u00e9sident de la R\u00e9publique est arriv\u00e9 samedi au Vietnam. Emmanuel Macron est accompagn\u00e9 de nombreuses personnalit\u00e9s, dont des dirigeants de grandes entreprises fran\u00e7aises.<\/p>\n<p class=\"fig-paragraph\">Parmi la d\u00e9l\u00e9gation qui a d\u00e9barqu\u00e9 \u00e0 Hano\u00ef figurait aussi un ancien joueur du XV de France\u00a0:\u00a0<a href=\"https:\/\/www.lefigaro.fr\/sports\/rugby\/top-14\/actualites\/a-34-ans-trinh-duc-mettra-un-terme-a-sa-carriere-a-l-issue-de-la-saison-1036389\" data-fig-type=\"Article\" data-gtm-custom-categorie=\"navigation\" data-gtm-custom-action=\"crossclick\" data-gtm-custom-label=\"Contextuel\" data-gtm-event=\"customEventSPE\" data-fig-domain=\"LEFIGARO\" target=\"_blank\" rel=\"noopener\">Fran\u00e7ois Trinh-Duc<\/a>, finaliste de la Coupe du monde 2011 (38 ans, 66 s\u00e9lections, la derni\u00e8re en 2018).<\/p>\n<p class=\"fig-paragraph\">Une partie de la famille de l\u2019ancien ouvreur de Montpellier, \u00e9galement pass\u00e9 par Toulon, le Racing 92 et l\u2019UBB, \u00e9tant d\u2019origine vietnamienne, Fran\u00e7ois Trinh-Duc a cr\u00e9\u00e9 une association, Rugby Cung Nhau (Rugby Ensemble), qui vient en aide aux enfants sur place gr\u00e2ce au ballon ovale.<\/p>\n<p class=\"fig-body-link\">\n            \u00c0 lire aussi<br \/>\n        <a class=\"fig-body-link__link\" href=\"https:\/\/www.lefigaro.fr\/le-scan-sport\/2017\/03\/24\/27001-20170324ARTFIG00096-trinh-duc-et-areola-denoncent-les-cliches-sur-les-asiatiques-de-france-dans-un-clip.php\" data-fig-type=\"Article\" data-gtm-custom-categorie=\"navigation\" data-gtm-custom-action=\"crossclick\" data-gtm-custom-label=\"Contextuel\" data-gtm-event=\"customEventSPE\" data-fig-domain=\"LEFIGARO\" target=\"_blank\" rel=\"noopener\">Trinh-Duc et Ar\u00e9ola d\u00e9noncent les clich\u00e9s sur les Asiatiques de France dans un clip<br \/>\n    <\/a>\n<\/p>\n<p class=\"fig-paragraph\">L\u2019ancien joueur restera au Vietnam jusqu\u2019\u00e0 vendredi, Emmanuel Macron se rendant, lui, en Indon\u00e9sie puis \u00e0 Singapour.<\/p>\n","protected":false},"excerpt":{"rendered":"LE SCAN SPORT &#8211; D\u2019origine vietnamienne, le finaliste de la Coupe du monde 2011 est pr\u00e9sent dans la&hellip;\n","protected":false},"author":2,"featured_media":131524,"comment_status":"","ping_status":"","sticky":false,"template":"","format":"standard","meta":{"footnotes":""},"categories":[1416],"tags":[2306,525,2309,1981,2313,1089,451,814,1073,1011,27,25576,4977,955,2308,2311,1980,479,1468,2259,2307,60,478,2310,2312,951,513],"class_list":{"0":"post-131523","1":"post","2":"type-post","3":"status-publish","4":"format-standard","5":"has-post-thumbnail","7":"category-rugby","8":"tag-6-nations","9":"tag-calendrier","10":"tag-challenge-europeen","11":"tag-classement","12":"tag-clermont","13":"tag-coupe-deurope","14":"tag-coupe-du-monde","15":"tag-direct","16":"tag-emmanuel-macron","17":"tag-fr","18":"tag-france","19":"tag-francois-trinh-duc","20":"tag-le-scan-sport","21":"tag-match","22":"tag-pro-d2","23":"tag-racing","24":"tag-resultats","25":"tag-rugby","26":"tag-rugby-football","27":"tag-score","28":"tag-six-nations","29":"tag-sports","30":"tag-top-14","31":"tag-toulon","32":"tag-toulouse","33":"tag-vietnam","34":"tag-xv-de-france"},"share_on_mastodon":{"url":"https:\/\/pubeurope.com\/@fr\/114579265521005887","error":""},"_links":{"self":[{"href":"https:\/\/www.europesays.com\/fr\/wp-json\/wp\/v2\/posts\/131523","targetHints":{"allow":["GET"]}}],"collection":[{"href":"https:\/\/www.europesays.com\/fr\/wp-json\/wp\/v2\/posts"}],"about":[{"href":"https:\/\/www.europesays.com\/fr\/wp-json\/wp\/v2\/types\/post"}],"author":[{"embeddable":true,"href":"https:\/\/www.europesays.com\/fr\/wp-json\/wp\/v2\/users\/2"}],"replies":[{"embeddable":true,"href":"https:\/\/www.europesays.com\/fr\/wp-json\/wp\/v2\/comments?post=131523"}],"version-history":[{"count":0,"href":"https:\/\/www.europesays.com\/fr\/wp-json\/wp\/v2\/posts\/131523\/revisions"}],"wp:featuredmedia":[{"embeddable":true,"href":"https:\/\/www.europesays.com\/fr\/wp-json\/wp\/v2\/media\/131524"}],"wp:attachment":[{"href":"https:\/\/www.europesays.com\/fr\/wp-json\/wp\/v2\/media?parent=131523"}],"wp:term":[{"taxonomy":"category","embeddable":true,"href":"https:\/\/www.europesays.com\/fr\/wp-json\/wp\/v2\/categories?post=131523"},{"taxonomy":"post_tag","embeddable":true,"href":"https:\/\/www.europesays.com\/fr\/wp-json\/wp\/v2\/tags?post=131523"}],"curies":[{"name":"wp","href":"https:\/\/api.w.org\/{rel}","templated":true}]}}