{"id":131539,"date":"2025-05-27T10:23:08","date_gmt":"2025-05-27T10:23:08","guid":{"rendered":"https:\/\/www.europesays.com\/fr\/131539\/"},"modified":"2025-05-27T10:23:08","modified_gmt":"2025-05-27T10:23:08","slug":"culture-racaille-le-concert-du-rappeur-jul-a-marseille-un-chaos-devenu-ordinaire-video","status":"publish","type":"post","link":"https:\/\/www.europesays.com\/fr\/131539\/","title":{"rendered":"Culture racaille. Le concert du rappeur Jul \u00e0 Marseille, un chaos devenu ordinaire [Vid\u00e9o]"},"content":{"rendered":"<p style=\"text-align: justify;\">Le rappeur marseillais Jul a rempli \u00e0 guichets ferm\u00e9s le stade V\u00e9lodrome de Marseille les 23 et 24 mai, attirant pr\u00e8s de 150 000 personnes sur deux soir\u00e9es. Mais derri\u00e8re le triomphe apparent d\u2019un artiste devenu l\u2019un des symboles de la \u00ab culture racaille \u00bb en France, les deux concerts ont \u00e9t\u00e9 marqu\u00e9s par des d\u00e9bordements multiples. La pr\u00e9fecture de police a recens\u00e9 33 interpellations pour \u00ab d\u00e9gradations, violences contre personnes d\u00e9positaires de l\u2019autorit\u00e9 publique et revente illicite de billets \u00bb.<\/p>\n<p style=\"text-align: justify;\">Les incidents ont d\u00e9but\u00e9 d\u00e8s l\u2019avant-concert. Samedi soir, une centaine d\u2019individus ont tent\u00e9 de forcer les grilles du stade sans billet. Des heurts ont \u00e9clat\u00e9 avec les forces de l\u2019ordre, mobilis\u00e9es en nombre pour contenir la foule. La boutique de l\u2019Olympique de Marseille, situ\u00e9e \u00e0 proximit\u00e9 de l\u2019enceinte, a \u00e9t\u00e9 la cible de d\u00e9gradations, sans toutefois faire l\u2019objet d\u2019un pillage, pr\u00e9cise la pr\u00e9fecture. \u00c0 l\u2019int\u00e9rieur comme aux abords du stade, des comportements violents ont \u00e9t\u00e9 signal\u00e9s. Une vid\u00e9o relay\u00e9e sur les r\u00e9seaux sociaux montre notamment une jeune femme frapp\u00e9e au sol par un figurant du concert circulant \u00e0 v\u00e9lo. Certains spectateurs ont \u00e9galement signal\u00e9 des v\u00e9hicules vandalis\u00e9s.<\/p>\n<blockquote class=\"twitter-tweet\">\n<p dir=\"ltr\" lang=\"fr\">Au cas o\u00f9 monsieur le procureur de la R\u00e9publique de <a href=\"https:\/\/twitter.com\/hashtag\/Marseille?src=hash&amp;ref_src=twsrc%5Etfw\" target=\"_blank\" rel=\"noopener\">#Marseille<\/a> <a href=\"https:\/\/twitter.com\/PR_Marseille?ref_src=twsrc%5Etfw\" target=\"_blank\" rel=\"noopener\">@PR_Marseille<\/a> n\u2019aurait pas \u00e9t\u00e9 inform\u00e9, je lui signale ces <a href=\"https:\/\/twitter.com\/hashtag\/violences?src=hash&amp;ref_src=twsrc%5Etfw\" target=\"_blank\" rel=\"noopener\">#violences<\/a> volontaires commises par un figurant \u00e0 <a href=\"https:\/\/twitter.com\/hashtag\/v%C3%A9lo?src=hash&amp;ref_src=twsrc%5Etfw\" target=\"_blank\" rel=\"noopener\">#v\u00e9lo<\/a> c\/ 1 jeune <a href=\"https:\/\/twitter.com\/hashtag\/femme?src=hash&amp;ref_src=twsrc%5Etfw\" target=\"_blank\" rel=\"noopener\">#femme<\/a> lors du concert de <a href=\"https:\/\/twitter.com\/hashtag\/Jul?src=hash&amp;ref_src=twsrc%5Etfw\" target=\"_blank\" rel=\"noopener\">#Jul<\/a> \u00e0 <a href=\"https:\/\/twitter.com\/hashtag\/Marseille?src=hash&amp;ref_src=twsrc%5Etfw\" target=\"_blank\" rel=\"noopener\">#Marseille<\/a> ; violence gratuite, <a href=\"https:\/\/twitter.com\/hashtag\/sexiste?src=hash&amp;ref_src=twsrc%5Etfw\" target=\"_blank\" rel=\"noopener\">#sexiste<\/a> et r\u00e9pugnante \ud83d\udc4e\ud83c\udffd <a href=\"https:\/\/t.co\/0lCjzvKFkG\">pic.twitter.com\/0lCjzvKFkG<\/a><\/p>\n<p>\u2014 Jeanne Lepic (@Jeanne_Lepic) <a href=\"https:\/\/twitter.com\/Jeanne_Lepic\/status\/1926411828118106531?ref_src=twsrc%5Etfw\" target=\"_blank\" rel=\"noopener\">May 24, 2025<\/a><\/p>\n<\/blockquote>\n<p><strong>Un dispositif policier sous tension face aux violences<\/strong><\/p>\n<p style=\"text-align: justify;\">La pr\u00e9fecture avait anticip\u00e9 les risques en renfor\u00e7ant les effectifs policiers et en appelant \u00e0 \u00e9viter les d\u00e9placements autour du stade. Malgr\u00e9 cela, les d\u00e9bordements se sont multipli\u00e9s. L\u2019ancien porte-parole du Syndicat ind\u00e9pendant des commissaires de police, Matthieu Valet, d\u00e9sormais eurod\u00e9put\u00e9 RN, a d\u00e9nonc\u00e9 publiquement les sc\u00e8nes de chaos : \u00ab Mouvement de foule, stand saccag\u00e9, racailles qui forcent l\u2019entr\u00e9e comme si tout leur \u00e9tait d\u00fb\u2026 Pour un concert ? S\u00e9rieux ? \u00bb<\/p>\n<blockquote class=\"twitter-tweet\">\n<p dir=\"ltr\" lang=\"fr\">Pourquoi certains se sentent oblig\u00e9s de se comporter comme des sauvages au concert de Jul \u00e0 Marseille ?<\/p>\n<p>Mouvement de foule, stand saccag\u00e9, racailles qui forcent l\u2019entr\u00e9e comme si tout leur \u00e9tait d\u00fb\u2026<br \/>Pour un concert ? S\u00e9rieux ?<\/p>\n<p>L\u2019\u00e9ducation des gosses a vraiment foutu le camp ! <a href=\"https:\/\/t.co\/DA1jolWnYd\">pic.twitter.com\/DA1jolWnYd<\/a><\/p>\n<p>\u2014 Matthieu Valet (@mvalet_officiel) <a href=\"https:\/\/twitter.com\/mvalet_officiel\/status\/1926570830261100997?ref_src=twsrc%5Etfw\" target=\"_blank\" rel=\"noopener\">May 25, 2025<\/a><\/p>\n<\/blockquote>\n<p style=\"text-align: justify;\">Si aucun bless\u00e9 grave n\u2019a \u00e9t\u00e9 recens\u00e9, les vid\u00e9os et t\u00e9moignages diffus\u00e9s en ligne font \u00e9tat d\u2019une ambiance d\u00e9l\u00e9t\u00e8re, entre tensions, incivilit\u00e9s et agressions. Le succ\u00e8s populaire du rappeur, encens\u00e9 pour son influence culturelle, se double ainsi d\u2019un constat plus sombre : celui d\u2019un ph\u00e9nom\u00e8ne de masse qui semble d\u00e9sormais indissociable de violences p\u00e9riph\u00e9riques.<\/p>\n<p><strong>Jul, reflet d\u2019une fracture culturelle persistante<\/strong><\/p>\n<p style=\"text-align: justify;\">Jul, devenu en quelques ann\u00e9es le rappeur le plus \u00e9cout\u00e9 de France, incarne cette nouvelle h\u00e9g\u00e9monie culturelle issue des quartiers \u00ab populaires \u00bb. Derri\u00e8re les records de vente et les millions de vues en streaming, se dessine un basculement profond des codes artistiques et comportementaux. D\u00e9j\u00e0 en 2020, certains observateurs, dont <a href=\"https:\/\/www.breizh-info.com\/2020\/12\/25\/156146\/succes-record-pour-le-rappeur-jul-la-nouvelle-exception-culturelle-francaise-video\/\" target=\"_blank\" rel=\"noopener\">Breizh-Info<\/a>, avaient relev\u00e9 le lien entre la culture rap dominante et l\u2019\u00e9mergence d\u2019une forme de sous-culture agressive et d\u00e9complex\u00e9e, o\u00f9 l\u2019incivilit\u00e9 devient norme. Autrement dit, la \u00ab culture racaille \u00bb.<\/p>\n<p style=\"text-align: justify;\">Les incidents survenus ce week-end \u00e0 Marseille, bien que limit\u00e9s en nombre, rappellent une r\u00e9alit\u00e9 trop souvent pass\u00e9e sous silence : une partie du succ\u00e8s du rap actuel s\u2019accompagne d\u2019une tol\u00e9rance inqui\u00e9tante envers des comportements antisociaux, notamment dans les grands rassemblements. Une question d\u00e9sormais politique, \u00e0 l\u2019heure o\u00f9 l\u2019ordre public, l\u2019\u00e9ducation et la transmission des valeurs redeviennent des enjeux majeurs dans une France pleine d\u2019interrogations.<\/p>\n<p style=\"text-align: justify;\">Cr\u00e9dit photo : capture YouTube (photo d\u2019illustration)<br \/>[cc] Breizh-info.com, 2025, d\u00e9p\u00eaches libres de copie et de diffusion sous r\u00e9serve de mention et de lien vers la source d\u2019origine<\/p>\n<p>\t\t\t\t<script async src=\"https:\/\/platform.twitter.com\/widgets.js\" charset=\"utf-8\"><\/script><\/p>\n","protected":false},"excerpt":{"rendered":"Le rappeur marseillais Jul a rempli \u00e0 guichets ferm\u00e9s le stade V\u00e9lodrome de Marseille les 23 et 24&hellip;\n","protected":false},"author":2,"featured_media":131540,"comment_status":"","ping_status":"","sticky":false,"template":"","format":"standard","meta":{"footnotes":""},"categories":[1355],"tags":[58,59,1011,27,1279,884,1361,873,9465,3616,25577,957],"class_list":{"0":"post-131539","1":"post","2":"type-post","3":"status-publish","4":"format-standard","5":"has-post-thumbnail","7":"category-musique","8":"tag-divertissement","9":"tag-entertainment","10":"tag-fr","11":"tag-france","12":"tag-jul","13":"tag-marseille","14":"tag-music","15":"tag-musique","16":"tag-racailles","17":"tag-rap","18":"tag-rappeurs","19":"tag-velodrome"},"share_on_mastodon":{"url":"https:\/\/pubeurope.com\/@fr\/114579308900279058","error":""},"_links":{"self":[{"href":"https:\/\/www.europesays.com\/fr\/wp-json\/wp\/v2\/posts\/131539","targetHints":{"allow":["GET"]}}],"collection":[{"href":"https:\/\/www.europesays.com\/fr\/wp-json\/wp\/v2\/posts"}],"about":[{"href":"https:\/\/www.europesays.com\/fr\/wp-json\/wp\/v2\/types\/post"}],"author":[{"embeddable":true,"href":"https:\/\/www.europesays.com\/fr\/wp-json\/wp\/v2\/users\/2"}],"replies":[{"embeddable":true,"href":"https:\/\/www.europesays.com\/fr\/wp-json\/wp\/v2\/comments?post=131539"}],"version-history":[{"count":0,"href":"https:\/\/www.europesays.com\/fr\/wp-json\/wp\/v2\/posts\/131539\/revisions"}],"wp:featuredmedia":[{"embeddable":true,"href":"https:\/\/www.europesays.com\/fr\/wp-json\/wp\/v2\/media\/131540"}],"wp:attachment":[{"href":"https:\/\/www.europesays.com\/fr\/wp-json\/wp\/v2\/media?parent=131539"}],"wp:term":[{"taxonomy":"category","embeddable":true,"href":"https:\/\/www.europesays.com\/fr\/wp-json\/wp\/v2\/categories?post=131539"},{"taxonomy":"post_tag","embeddable":true,"href":"https:\/\/www.europesays.com\/fr\/wp-json\/wp\/v2\/tags?post=131539"}],"curies":[{"name":"wp","href":"https:\/\/api.w.org\/{rel}","templated":true}]}}