{"id":13154,"date":"2025-04-09T17:17:14","date_gmt":"2025-04-09T17:17:14","guid":{"rendered":"https:\/\/www.europesays.com\/fr\/13154\/"},"modified":"2025-04-09T17:17:14","modified_gmt":"2025-04-09T17:17:14","slug":"interview-lexpress","status":"publish","type":"post","link":"https:\/\/www.europesays.com\/fr\/13154\/","title":{"rendered":"Interview &#8211; L&#039;Express"},"content":{"rendered":"<ol>\n<li><a href=\"https:\/\/news.google.com\/rss\/articles\/CBMi9gFBVV95cUxNclhaX2FzbTN0UGNIMjZ0OUgxTDExRHVSdk1Ka080SVFSZGdyZHVMS1FIeGY3eEFBMEFRNkNYQVFwcEJtTXgtMEl3ZTI5ckhmN3otaHNxX0NLa2dTTDJVTWd1U2dZbWhEQ1d0cWQwZ29vTnEtWS12MWNPazV0ajBIZGtqcWpEMDh6Z3dRLTBlVGsxbWRpMUtoMDZlRWJWblJOdkstSnBOeURMMXpsMWRfUkNSZTYwbmZRUmZjamRzUkQwRExBTWNYY25KN3FUaVJaZGh0SzlsU0FlNXdrdFJ4Y2VaRHBHeHRBLV9oMFVoQ1oyMl9qbXc?oc=5\" target=\"_blank\" rel=\"noopener\">Interview<\/a>&nbsp;&nbsp;L&rsquo;Express<\/li>\n<li><a href=\"https:\/\/news.google.com\/rss\/articles\/CBMi6gFBVV95cUxPVGltUFFkVi1FM3k1bklMV1JySUR2TGwyOTlLQmZETW5ySWJOOER2Z3o5MXVQeTFYYUJWVl9sYkt4MWhLRzNSbXJHQUp2Wk51dEVTNFVXbnBMaFJTNHIzRzZWdm10WXdWU1VDOG1nN25jZEhaOFFPdWNPRDRXOUV0Q0NUQXl5Sm53aWdlcndJUXBMWUhmcl9rTlRrOVZCNTRHNVQ4ZXlaTEVMbHd6NlVvVEhvV19hV0FHODVkTWxBaTFzeC1rcHlqYmxzSjJHTW9QNW5kMFNJQ3hBVV93VHIxQ2VnUS1qbTQ5a2c?oc=5\" target=\"_blank\" rel=\"noopener\">Face \u00e0 la guerre commerciale de Trump, la grande inqui\u00e9tude des fermiers am\u00e9ricains<\/a>&nbsp;&nbsp;Le Monde.fr<\/li>\n<li><a href=\"https:\/\/news.google.com\/rss\/articles\/CBMioAJBVV95cUxOYUhjSHd0Q18zenBmS3pLandvZ05iSHdSdkMxYW9wdE5TS09YYTJfdEJLY00yZVhFMnNWcWxhTFZRUmZmdFUzTGxFc1VsNGJhcWR4S1l6TjJRR2dGQVRCZGFZUWR2QndpSkFMSmltY20zX3VkQmJUaTMyTXZpWjJhRHBGdjl4Y1RabDFvdklGUG93bU82SXJtZzRfQ2xhRGhGTDg3MXNPOWtVVkxRY0FidkpBUE5LeG03aVFuY1pTWkxkMGE2Y1Z6YnJ3SEg5Q00wZnVpMjVGbjJLTmJ5bjZEOFRzV0NzYV9zeTdVRHdQQ2hRd0dMc2pZcWlaNU9xNUN1QW9kZmZIZkc4N1lQZkdhdHVIVk11S2pKWDU5dlRUbDQ?oc=5\" target=\"_blank\" rel=\"noopener\">Ma\u00efs, riz, jus de fruits\u2026 Quels sont les premiers produits am\u00e9ricains tax\u00e9s par l&rsquo;UE en r\u00e9ponse aux droits de douane impos\u00e9s par Donald Trump ?<\/a>&nbsp;&nbsp;France Info<\/li>\n<li><a href=\"https:\/\/news.google.com\/rss\/articles\/CBMi_AFBVV95cUxPSjdESXc4eTRFdmRtLU95V0ZqY29BWjh3UWo2THotaElIWjZIbGh1WkNqTUE5NXFDdVh4M2ktaWRKNGc5U0RNWGdtT0FtaDk4djBEN1hkazFWVTMxQVlNRW03Yi1WeDNXVkZEaXN4UkljZ3k3R1dXZHQ2anJEOHNsQ053TkVNLUpTWkFHamlQYUl2dDR6NmlBZUlhbTRUa291QUFycEdJSDFZQ3V2czNKd3A0MWw0dHpFUGJVaTBrdHlGUXdiSUxqWmJzbk1TdGdKTnYwUGUzUG9jOWFGRGtDall6SEh1WTRwVFRKSFJ4Vlo4TVdBMTBkVEtTV0E?oc=5\" target=\"_blank\" rel=\"noopener\">Guerre commerciale de Trump : l\u2019UE commence enfin \u00e0 riposter, Meloni veut freiner l\u2019offensive de Paris et Berlin<\/a>&nbsp;&nbsp;Le Nouvel Obs<\/li>\n<li><a href=\"https:\/\/news.google.com\/rss\/articles\/CBMizAFBVV95cUxPdWt1Nm5YNDJNYmRpSVphME4ycTlCbFJBYzVhOEl3VnQxeDgyUEowTnRUYVpFbjFnWGRCWjNDbHJyWnNWZ3c3ZEt3YU1HcUMtcWxocjVIWUtHLVZJMXM5Z0pxT1pwQWZiQS1PTzdsQnNqd2JiZkRlTkNQWFFyMDIxOGdXY2ltcVdhT0JETmJYTGd3TmE5cWliYjN0S09pLWRIX0dBTkozc3Z2WDBsWVVTUzZCRzlwaERIN2R1Nzctd2lwdy1Uel9qRDA2Zy0?oc=5\" target=\"_blank\" rel=\"noopener\">Branle-bas de combat pour passer la fronti\u00e8re am\u00e9ricaine avant les droits de douane<\/a>&nbsp;&nbsp;Les Echos<\/li>\n<\/ol>\n","protected":false},"excerpt":{"rendered":"Interview&nbsp;&nbsp;L&rsquo;Express Face \u00e0 la guerre commerciale de Trump, la grande inqui\u00e9tude des fermiers am\u00e9ricains&nbsp;&nbsp;Le Monde.fr Ma\u00efs, riz, jus&hellip;\n","protected":false},"author":2,"featured_media":13155,"comment_status":"","ping_status":"","sticky":false,"template":"","format":"standard","meta":{"footnotes":""},"categories":[1589],"tags":[11,73,1866,5951,12,1864,1865,1863,308],"class_list":{"0":"post-13154","1":"post","2":"type-post","3":"status-publish","4":"format-standard","5":"has-post-thumbnail","7":"category-etats-unis","8":"tag-actualites","9":"tag-etats-unis","10":"tag-etats-unis-damerique","11":"tag-idees-et-debats","12":"tag-news","13":"tag-united-states","14":"tag-united-states-of-america","15":"tag-us","16":"tag-usa"},"share_on_mastodon":{"url":"https:\/\/pubeurope.com\/@fr\/114309145851110343","error":""},"_links":{"self":[{"href":"https:\/\/www.europesays.com\/fr\/wp-json\/wp\/v2\/posts\/13154","targetHints":{"allow":["GET"]}}],"collection":[{"href":"https:\/\/www.europesays.com\/fr\/wp-json\/wp\/v2\/posts"}],"about":[{"href":"https:\/\/www.europesays.com\/fr\/wp-json\/wp\/v2\/types\/post"}],"author":[{"embeddable":true,"href":"https:\/\/www.europesays.com\/fr\/wp-json\/wp\/v2\/users\/2"}],"replies":[{"embeddable":true,"href":"https:\/\/www.europesays.com\/fr\/wp-json\/wp\/v2\/comments?post=13154"}],"version-history":[{"count":0,"href":"https:\/\/www.europesays.com\/fr\/wp-json\/wp\/v2\/posts\/13154\/revisions"}],"wp:featuredmedia":[{"embeddable":true,"href":"https:\/\/www.europesays.com\/fr\/wp-json\/wp\/v2\/media\/13155"}],"wp:attachment":[{"href":"https:\/\/www.europesays.com\/fr\/wp-json\/wp\/v2\/media?parent=13154"}],"wp:term":[{"taxonomy":"category","embeddable":true,"href":"https:\/\/www.europesays.com\/fr\/wp-json\/wp\/v2\/categories?post=13154"},{"taxonomy":"post_tag","embeddable":true,"href":"https:\/\/www.europesays.com\/fr\/wp-json\/wp\/v2\/tags?post=13154"}],"curies":[{"name":"wp","href":"https:\/\/api.w.org\/{rel}","templated":true}]}}