{"id":131562,"date":"2025-05-27T10:35:09","date_gmt":"2025-05-27T10:35:09","guid":{"rendered":"https:\/\/www.europesays.com\/fr\/131562\/"},"modified":"2025-05-27T10:35:09","modified_gmt":"2025-05-27T10:35:09","slug":"meurthe-et-moselle-nancy-attire-des-congres-de-haut-niveau-en-jouant-sur-ses-specificites","status":"publish","type":"post","link":"https:\/\/www.europesays.com\/fr\/131562\/","title":{"rendered":"Meurthe-et-Moselle. Nancy attire des congr\u00e8s de haut niveau en jouant sur ses sp\u00e9cificit\u00e9s"},"content":{"rendered":"<p>Le grand public ne conna\u00eet pas ce classement. Mais pour les professionnels, il est pr\u00e9cieux. Le palmar\u00e8s de l\u2019International Congress and Convention Association 2024 vient d\u2019\u00eatre d\u00e9voil\u00e9. Chaque ann\u00e9e, ce classement recense les destinations qui accueillent des congr\u00e8s internationaux, selon des crit\u00e8res stricts.<\/p>\n<p>R\u00e9sultat\u00a0: sur la sc\u00e8ne europ\u00e9enne et mondiale, <a href=\"https:\/\/www.estrepublicain.fr\/edition-nancy-et-agglomeration\" target=\"_blank\" rel=\"noopener\">Nancy<\/a> occupe respectivement la 167 e place et 323 e place.<\/p>\n<p>Dans le classement fran\u00e7ais, Nancy maintient sa bonne position et se classe 13 e , juste derri\u00e8re Paris, Lyon-St-Etienne, Toulouse, Marseille-Aix, Nice, Strasbourg, Bordeaux, Montpellier, Nantes, Lille, Rennes et Grenoble.<\/p>\n<p>  \u00ab\u00a0Agilit\u00e9, engagement\u00a0\u00bb<\/p>\n<p>Pour <a href=\"https:\/\/www.estrepublicain.fr\/politique\/2024\/01\/13\/dans-le-bureau-du-maire-francois-werner-l-homme-qui-avance\" target=\"_blank\" rel=\"noopener\">Fran\u00e7ois Werner<\/a> , pr\u00e9sident de <a href=\"https:\/\/www.estrepublicain.fr\/economie\/2025\/05\/01\/tourisme-le-tres-bon-bilan-2024-de-destination-nancy-qui-a-organise-178-evenements-durant-l-annee\" target=\"_blank\" rel=\"noopener\">Destination Nancy<\/a> , vice-pr\u00e9sident de la M\u00e9tropole Grand Nancy, c\u2019est une nouvelle r\u00e9jouissante\u00a0: \u00ab\u00a0Une majorit\u00e9 de grandes m\u00e9tropoles fran\u00e7aises pr\u00e9c\u00e8de Nancy dans ce classement, ce qui souligne la tr\u00e8s belle performance de notre territoire et ce, dans un environnement tr\u00e8s concurrentiel.\u00a0\u00bb<\/p>\n<p>\u00ab\u00a0Nancy reste \u00e0 proximit\u00e9 imm\u00e9diate du Top 10 national et se d\u00e9marque par une strat\u00e9gie efficace et cibl\u00e9e. Son mod\u00e8le int\u00e9gr\u00e9 \u2013 r\u00e9unissant centre de congr\u00e8s, Parc Expo, Convention Bureau et office de tourisme m\u00e9tropolitain \u2013 favorise la lisibilit\u00e9 et la performance pour les organisateurs. Notre agilit\u00e9, notre \u00e9cosyst\u00e8me et notre engagement durable font la diff\u00e9rence. Nous attirons des \u00e9v\u00e9nements de qualit\u00e9, souvent dans des secteurs de pointe o\u00f9 Nancy est reconnue internationalement\u00a0\u00bb, souligne de son c\u00f4t\u00e9 <a href=\"https:\/\/www.estrepublicain.fr\/culture-loisirs\/2024\/02\/16\/evenementiel-une-nanceienne-a-la-tete-du-nouveau-fleuron-francais\" target=\"_blank\" rel=\"noopener\">B\u00e9atrice Cuif-Mathieu<\/a> , directrice g\u00e9n\u00e9rale de Destination Nancy, dans un communiqu\u00e9.<\/p>\n<p>Pour <a href=\"https:\/\/www.estrepublicain.fr\/p\/mathieu-klein\" target=\"_blank\" rel=\"noopener\">Mathieu Klein<\/a>, pr\u00e9sident de la M\u00e9tropole du Grand Nancy, maire de Nancy\u00a0: \u00ab\u00a0Nancy s\u2019impose comme une destination o\u00f9 il fait bon tenir des \u00e9v\u00e9nements internationaux. Chaque congr\u00e8s est une opportunit\u00e9 de valoriser notre territoire et ses talents, en t\u00e9moigne le r\u00e9cent accueil de la semaine internationale de la robotique, organis\u00e9e par les \u00e9quipes du centre <a href=\"https:\/\/www.estrepublicain.fr\/paroles-de-partenaires\/2024\/11\/17\/des-robots-du-monde-entier-debarquent-a-nancy\" target=\"_blank\" rel=\"noopener\">INRIA<\/a> de l\u2019Universit\u00e9 de Lorraine, qui a su s\u00e9duire les organisateurs de tous horizons.\u00a0\u00bb<\/p>\n","protected":false},"excerpt":{"rendered":"Le grand public ne conna\u00eet pas ce classement. Mais pour les professionnels, il est pr\u00e9cieux. Le palmar\u00e8s de&hellip;\n","protected":false},"author":2,"featured_media":131563,"comment_status":"","ping_status":"","sticky":false,"template":"","format":"standard","meta":{"footnotes":""},"categories":[9635],"tags":[1111,11,33,1704,1777,674,1011,27,775,1702,1703,12,25,104,602,216],"class_list":{"0":"post-131562","1":"post","2":"type-post","3":"status-publish","4":"format-standard","5":"has-post-thumbnail","7":"category-nancy","8":"tag-actu","9":"tag-actualites","10":"tag-economie","11":"tag-edition-nancy-et-agglomeration","12":"tag-eu","13":"tag-europe","14":"tag-fr","15":"tag-france","16":"tag-grand-est","17":"tag-nancy","18":"tag-nancy-ville-54b","19":"tag-news","20":"tag-republique-francaise","21":"tag-societe","22":"tag-tourisme","23":"tag-vie-des-entreprises"},"share_on_mastodon":{"url":"https:\/\/pubeurope.com\/@fr\/114579356078513119","error":""},"_links":{"self":[{"href":"https:\/\/www.europesays.com\/fr\/wp-json\/wp\/v2\/posts\/131562","targetHints":{"allow":["GET"]}}],"collection":[{"href":"https:\/\/www.europesays.com\/fr\/wp-json\/wp\/v2\/posts"}],"about":[{"href":"https:\/\/www.europesays.com\/fr\/wp-json\/wp\/v2\/types\/post"}],"author":[{"embeddable":true,"href":"https:\/\/www.europesays.com\/fr\/wp-json\/wp\/v2\/users\/2"}],"replies":[{"embeddable":true,"href":"https:\/\/www.europesays.com\/fr\/wp-json\/wp\/v2\/comments?post=131562"}],"version-history":[{"count":0,"href":"https:\/\/www.europesays.com\/fr\/wp-json\/wp\/v2\/posts\/131562\/revisions"}],"wp:featuredmedia":[{"embeddable":true,"href":"https:\/\/www.europesays.com\/fr\/wp-json\/wp\/v2\/media\/131563"}],"wp:attachment":[{"href":"https:\/\/www.europesays.com\/fr\/wp-json\/wp\/v2\/media?parent=131562"}],"wp:term":[{"taxonomy":"category","embeddable":true,"href":"https:\/\/www.europesays.com\/fr\/wp-json\/wp\/v2\/categories?post=131562"},{"taxonomy":"post_tag","embeddable":true,"href":"https:\/\/www.europesays.com\/fr\/wp-json\/wp\/v2\/tags?post=131562"}],"curies":[{"name":"wp","href":"https:\/\/api.w.org\/{rel}","templated":true}]}}