{"id":131584,"date":"2025-05-27T10:48:10","date_gmt":"2025-05-27T10:48:10","guid":{"rendered":"https:\/\/www.europesays.com\/fr\/131584\/"},"modified":"2025-05-27T10:48:10","modified_gmt":"2025-05-27T10:48:10","slug":"strasbourg-ces-technophones-auront-des-choses-a-vous-raconter-le-12-juin-place-gutenberg","status":"publish","type":"post","link":"https:\/\/www.europesays.com\/fr\/131584\/","title":{"rendered":"Strasbourg. Ces \u00ab\u00a0technophones\u00a0\u00bb auront des choses \u00e0 vous raconter le 12 juin place Gutenberg"},"content":{"rendered":"<p>Ce voyage \u00e0 New York, au d\u00e9part, ne le branchait pas outre mesure. Pourtant, Nabil Lahzaoula en a rapport\u00e9 une belle id\u00e9e, qui s\u2019appr\u00eate m\u00eame \u00e0 devenir r\u00e9alit\u00e9 ici, \u00e0 Strasbourg, le 12\u00a0juin prochain.<\/p>\n<p>C\u2019est en visitant le MoMA, le mus\u00e9e d\u2019art moderne new-yorkais, que l\u2019enseignant de sciences num\u00e9riques et \u00e9lectronique <a href=\"https:\/\/www.dna.fr\/education\/2024\/03\/04\/portes-ouvertes-au-lycee-gutenberg-le-livre-a-l-honneur\" target=\"_blank\" rel=\"noopener\">au lyc\u00e9e Gutenberg d\u2019Illkirch-Graffenstaden<\/a> a trouv\u00e9 l\u2019inspiration. Il est intrigu\u00e9, ce jour-l\u00e0, par une salle contenant d\u2019anciens t\u00e9l\u00e9phones \u00e0 cadran rotatif qui semblent tout droit sortis d\u2019un \u00e9pisode de Columbo. D\u00e9crochant l\u2019un des combin\u00e9s, il entend une voix lui parler en anglais. Comment est-ce possible\u00a0?<\/p>\n<p>  \u00ab\u00a0Compliqu\u00e9, mais mieux qu\u2019un cours classique\u00a0\u00bb<\/p>\n<p>Passionn\u00e9 de recherches et d\u2019exp\u00e9riences, Nabil d\u00e9couvre bient\u00f4t qu\u2019en \u00e9quipant les anciens mod\u00e8les avec de la technologie moderne, en fait une puce \u00e9lectronique, et en les modernisant pour qu\u2019ils soient compatibles avec la puce, il peut y int\u00e9grer tous les enregistrements qu\u2019il veut. Il nomme \u00ab\u00a0technophone\u00a0\u00bb le nouvel objet, technique et po\u00e9tique.<\/p>\n<p>De l\u00e0 \u00e0 lancer un projet avec les lyc\u00e9ens, il n\u2019y a qu\u2019un pas, que l\u2019enseignant franchit bien volontiers. L\u2019id\u00e9e fait alors son chemin. Achat de t\u00e9l\u00e9phones \u00e0 cadran rotatif sur Leboncoin, proposition du concept aux \u00e9l\u00e8ves de premi\u00e8re CIEL (cybers\u00e9curit\u00e9, informatique, \u00e9lectronique et r\u00e9seaux)\u2026<\/p>\n<p>Bient\u00f4t, les id\u00e9es fusent pour s\u2019approprier la technologie. On en conserve dix\u00a0: cr\u00e9er un idyllophone pour des messages et po\u00e8mes d\u2019amour, proverbophone, mamanphone pour des textes d\u00e9di\u00e9s aux m\u00e8res, papaphone, th\u00e9\u00e2trophone, audelaphone pour des paroles adress\u00e9es \u00e0 des disparus, dialectophone pour des messages en langues r\u00e9gionales, polyglophone en langues \u00e9trang\u00e8res, \u00e9nigmophone\u2026<\/p>\n<p>Les \u00e9l\u00e8ves s\u2019empressent d\u2019\u00e9crire des textes, que le professeur de fran\u00e7ais corrige. Les lyc\u00e9ens s\u2019enregistrent sur ordinateur et s\u2019attaquent \u00e0 la modification du t\u00e9l\u00e9phone\u00a0: soudures, travaux d\u2019\u00e9lectronique, programmation\u2026 Ainsi acqui\u00e8rent-ils plusieurs comp\u00e9tences au programme. \u00ab\u00a0Parfois, c\u2019est compliqu\u00e9, mais c\u2019est mieux qu\u2019un cours classique\u00a0; on est actif, c\u2019est physique\u00a0\u00bb dit Florian.<\/p>\n<p>  Se munir d\u2019un texte \u00e0 enregistrer<\/p>\n<p>Le 12\u00a0juin, place Gutenberg \u00e0 Strasbourg, les acteurs de ce joli projet en d\u00e9voileront les contours. Trois tonnelles avec un sens de visite permettront d\u2019\u00e9couter les messages, mais aussi d\u2019en savoir plus sur les aspects techniques du \u00ab\u00a0technophone\u00a0\u00bb, tandis qu\u2019un ministudio d\u2019enregistrement permettra au public d\u2019enregistrer ses propres textes \u2013 \u00e0 la condition qu\u2019ils soient bienveillants. Il vaut mieux se munir d\u2019un texte court de sa composition ou tir\u00e9 d\u2019un corpus existant.<\/p>\n<p>Pour l\u2019avoir test\u00e9, on recommande l\u2019idyllophone\u2026<\/p>\n<p class=\"note\">Jeudi 12\u00a0juin, place Gutenberg, de 10\u00a0h \u00e0 19\u00a0h.<\/p>\n","protected":false},"excerpt":{"rendered":"Ce voyage \u00e0 New York, au d\u00e9part, ne le branchait pas outre mesure. Pourtant, Nabil Lahzaoula en a&hellip;\n","protected":false},"author":2,"featured_media":131585,"comment_status":"","ping_status":"","sticky":false,"template":"","format":"standard","meta":{"footnotes":""},"categories":[2820],"tags":[1111,11,2389,2649,1687,2880,1777,674,107,1011,27,775,3088,1757,12,25,767,640,3089],"class_list":{"0":"post-131584","1":"post","2":"type-post","3":"status-publish","4":"format-standard","5":"has-post-thumbnail","7":"category-strasbourg","8":"tag-actu","9":"tag-actualites","10":"tag-alsace","11":"tag-bas-rhin","12":"tag-culture-loisirs","13":"tag-edition-strasbourg","14":"tag-eu","15":"tag-europe","16":"tag-fil-info","17":"tag-fr","18":"tag-france","19":"tag-grand-est","20":"tag-illkirch-graffenstaden","21":"tag-insolite","22":"tag-news","23":"tag-republique-francaise","24":"tag-science-et-technologie","25":"tag-strasbourg","26":"tag-strasbourg-sud"},"share_on_mastodon":{"url":"https:\/\/pubeurope.com\/@fr\/114579407096117362","error":""},"_links":{"self":[{"href":"https:\/\/www.europesays.com\/fr\/wp-json\/wp\/v2\/posts\/131584","targetHints":{"allow":["GET"]}}],"collection":[{"href":"https:\/\/www.europesays.com\/fr\/wp-json\/wp\/v2\/posts"}],"about":[{"href":"https:\/\/www.europesays.com\/fr\/wp-json\/wp\/v2\/types\/post"}],"author":[{"embeddable":true,"href":"https:\/\/www.europesays.com\/fr\/wp-json\/wp\/v2\/users\/2"}],"replies":[{"embeddable":true,"href":"https:\/\/www.europesays.com\/fr\/wp-json\/wp\/v2\/comments?post=131584"}],"version-history":[{"count":0,"href":"https:\/\/www.europesays.com\/fr\/wp-json\/wp\/v2\/posts\/131584\/revisions"}],"wp:featuredmedia":[{"embeddable":true,"href":"https:\/\/www.europesays.com\/fr\/wp-json\/wp\/v2\/media\/131585"}],"wp:attachment":[{"href":"https:\/\/www.europesays.com\/fr\/wp-json\/wp\/v2\/media?parent=131584"}],"wp:term":[{"taxonomy":"category","embeddable":true,"href":"https:\/\/www.europesays.com\/fr\/wp-json\/wp\/v2\/categories?post=131584"},{"taxonomy":"post_tag","embeddable":true,"href":"https:\/\/www.europesays.com\/fr\/wp-json\/wp\/v2\/tags?post=131584"}],"curies":[{"name":"wp","href":"https:\/\/api.w.org\/{rel}","templated":true}]}}