{"id":131590,"date":"2025-05-27T10:51:09","date_gmt":"2025-05-27T10:51:09","guid":{"rendered":"https:\/\/www.europesays.com\/fr\/131590\/"},"modified":"2025-05-27T10:51:09","modified_gmt":"2025-05-27T10:51:09","slug":"pres-de-nice-neuf-tombes-dun-petit-cimetiere-et-une-chapelle-degradees","status":"publish","type":"post","link":"https:\/\/www.europesays.com\/fr\/131590\/","title":{"rendered":"Pr\u00e8s de Nice, neuf tombes d\u2019un petit cimeti\u00e8re et une chapelle d\u00e9grad\u00e9es"},"content":{"rendered":"<p>Des tombes ont \u00e9t\u00e9 partiellement incendi\u00e9es ce week-end dans le petit cimeti\u00e8re de Levens, dans l\u2019arri\u00e8re-pays ni\u00e7ois. Le maire d\u00e9nonce des actes isol\u00e9s, sans motivation religieuse ou politique. Une plainte a \u00e9t\u00e9 d\u00e9pos\u00e9e.<\/p>\n<p class=\"fig-paragraph\">Neuf tombes noircies par le feu, des fleurs en plastique fondues, une chapelle profan\u00e9e. Ce week-end, la paisible commune de\u00a0<a href=\"http:\/\/www.lefigaro.fr\/nice\/pres-de-nice-un-projet-de-centrale-photovoltaique-suspendu-par-la-justice-20250228\" data-fig-type=\"NewsFlash\" data-gtm-custom-categorie=\"navigation\" data-gtm-custom-action=\"crossclick\" data-gtm-custom-label=\"Contextuel\" data-gtm-event=\"customEventSPE\" data-fig-domain=\"LEFIGARO\" rel=\"nofollow noopener\" target=\"_blank\">Levens\u00a0<\/a>(Alpes-Maritimes), dans l\u2019arri\u00e8re-pays ni\u00e7ois, a \u00e9t\u00e9 le th\u00e9\u00e2tre de d\u00e9gradations ciblant son petit cimeti\u00e8re, situ\u00e9 en lisi\u00e8re du village. Les pompiers ont \u00e9t\u00e9 alert\u00e9s dimanche en fin de journ\u00e9e pour des fum\u00e9es suspectes. \u00c0 leur arriv\u00e9e, les feux avaient d\u00e9j\u00e0 \u00e9t\u00e9 contenus. Les dommages, bien que limit\u00e9s, n\u2019en restent pas moins symboliquement lourds.<\/p>\n<p class=\"fig-paragraph\">Le maire,\u00a0<a href=\"http:\/\/www.lefigaro.fr\/nice\/metropole-de-nice-estrosi-retire-les-delegations-a-deux-maires-en-raison-de-leur-participation-a-un-meeting-de-ciotti-20250305\" data-fig-type=\"NewsFlash\" data-gtm-custom-categorie=\"navigation\" data-gtm-custom-action=\"crossclick\" data-gtm-custom-label=\"Contextuel\" data-gtm-event=\"customEventSPE\" data-fig-domain=\"LEFIGARO\" rel=\"nofollow noopener\" target=\"_blank\">Antoine V\u00e9ran<\/a>, \u00e9voque des \u00abactes de vandalisme\u00bb qu\u2019il attribue \u00ab\u00e0 des gamins d\u00e9s\u0153uvr\u00e9s\u00bb. Il n\u2019en est pas moins \u00abscandalis\u00e9\u00bb par ces faits qui \u00abtouchent \u00e0 la m\u00e9moire\u00bb. Pour autant, il \u00e9carte toute motivation politique ou religieuse\u00a0: \u00abCe n\u2019est pas un acte antichr\u00e9tien, antis\u00e9mite ou antimusulman. Le choix des tombes semble al\u00e9atoire, probablement li\u00e9 \u00e0 la pr\u00e9sence de plastique, qui br\u00fble facilement.\u00bb Une semaine plus t\u00f4t, un napperon et des fleurs en plastique avaient d\u00e9j\u00e0 \u00e9t\u00e9 incendi\u00e9s dans la chapelle des P\u00e9nitents noirs, \u00e0 l\u2019entr\u00e9e de la commune aux 5000 \u00e2mes. L\u2019intervention rapide de riverains avait permis d\u2019\u00e9viter le pire.<\/p>\n<p>\u00abUn cimeti\u00e8re est un sanctuaire\u00bb<\/p>\n<p class=\"fig-paragraph\">Le maire confie avoir d\u00e9j\u00e0 constat\u00e9 par le pass\u00e9 des attroupements de jeunes \u00e0 proximit\u00e9 du cimeti\u00e8re, notamment des groupes de jeunes fumant la chicha. Ni\u00a0<a href=\"http:\/\/www.lefigaro.fr\/bons-plans\/high-tech\/promo-exclusive-sur-la-camera-de-surveillance-ring-stick-up-cam-pro-securisez-votre-maison-pour-moins-de-90-euros-20250526\" data-fig-type=\"Article\" data-gtm-custom-categorie=\"navigation\" data-gtm-custom-action=\"crossclick\" data-gtm-custom-label=\"Contextuel\" data-gtm-event=\"customEventSPE\" data-fig-domain=\"LEFIGARO\" rel=\"nofollow noopener\" target=\"_blank\">cam\u00e9ras\u00a0<\/a>ni dispositif de s\u00e9curit\u00e9 suppl\u00e9mentaire ne sont cependant envisag\u00e9s \u00e0 ce stade. \u00abOn fait confiance \u00e0 l\u2019enqu\u00eate des gendarmes\u00bb, \u00e9lude-t-il. Le d\u00e9put\u00e9 (UDR) de la 1re circonscription des Alpes-Maritimes\u00a0<a href=\"http:\/\/www.lefigaro.fr\/actualite-france\/de-jacques-chirac-rpr-a-eric-ciotti-lr-qui-furent-les-huit-patrons-du-premier-parti-de-la-droite-20250514\" data-fig-type=\"Article\" data-gtm-custom-categorie=\"navigation\" data-gtm-custom-action=\"crossclick\" data-gtm-custom-label=\"Contextuel\" data-gtm-event=\"customEventSPE\" data-fig-domain=\"LEFIGARO\" rel=\"nofollow noopener\" target=\"_blank\">\u00c9ric Ciotti<\/a>\u00a0s\u2019est quant \u00e0 lui rendu sur place lundi matin, aux c\u00f4t\u00e9s du maire et du cur\u00e9 de la paroisse. \u00abUn cimeti\u00e8re est un sanctuaire. On ne touche pas \u00e0 la m\u00e9moire des morts impun\u00e9ment\u00bb, a-t-il d\u00e9clar\u00e9 sur les r\u00e9seaux sociaux, d\u00e9non\u00e7ant \u00abdes incendies criminels odieux\u00bb. L\u2019une des tombes vis\u00e9es serait celle de la m\u00e8re de son ex-\u00e9pouse.<\/p>\n","protected":false},"excerpt":{"rendered":"Des tombes ont \u00e9t\u00e9 partiellement incendi\u00e9es ce week-end dans le petit cimeti\u00e8re de Levens, dans l\u2019arri\u00e8re-pays ni\u00e7ois. Le&hellip;\n","protected":false},"author":2,"featured_media":131591,"comment_status":"","ping_status":"","sticky":false,"template":"","format":"standard","meta":{"footnotes":""},"categories":[2819],"tags":[1111,11,2898,2829,2971,2972,6313,2973,2974,6537,1777,674,2975,1011,27,2969,2970,2987,2980,12,2401,2897,2976,2977,2978,2985,2986,2979,2981,2982,2983,2984,2991,2992,2993,2994,2996,2997,2998,2999,3000,3001,3002,2995,3003,3004,3005,3007,2268,882,25,2988,2989,2990,2968,11942,3006],"class_list":{"0":"post-131590","1":"post","2":"type-post","3":"status-publish","4":"format-standard","5":"has-post-thumbnail","7":"category-nice","8":"tag-actu","9":"tag-actualites","10":"tag-alpes-maritimes","11":"tag-baumettes","12":"tag-carabacel","13":"tag-caucade","14":"tag-cimetiere","15":"tag-cimiez","16":"tag-cremat","17":"tag-eric-ciotti","18":"tag-eu","19":"tag-europe","20":"tag-fabron","21":"tag-fr","22":"tag-france","23":"tag-larenas","24":"tag-lariane","25":"tag-le-ray","26":"tag-lingostiere","27":"tag-news","28":"tag-nice","29":"tag-nice-cote-dazur","30":"tag-nice-gairaut","31":"tag-nice-gambetta","32":"tag-nice-jean-medecin","33":"tag-nice-le-piol","34":"tag-nice-le-port","35":"tag-nice-liberation","36":"tag-nice-magnan","37":"tag-nice-mantega-mont-boron","38":"tag-nice-pasteur","39":"tag-nice-pessicart","40":"tag-nice-rue-de-france","41":"tag-nice-saint-antoine","42":"tag-nice-saint-augustin","43":"tag-nice-saint-isidore","44":"tag-nice-saint-maurice","45":"tag-nice-saint-pancrace","46":"tag-nice-saint-philippe","47":"tag-nice-saint-pierre-de-feric","48":"tag-nice-saint-roch","49":"tag-nice-saint-roman-de-bellet","50":"tag-nice-saint-sylvestre","51":"tag-nice-sainte-marguerite","52":"tag-nice-thiers","53":"tag-nice-ventabrun","54":"tag-nice-vernier","55":"tag-nice-vinaigrier","56":"tag-ogc-nice","57":"tag-provence-alpes-cote-dazur","58":"tag-republique-francaise","59":"tag-rimiez","60":"tag-riquier","61":"tag-roquebilliere","62":"tag-sud-est","63":"tag-vandalisme","64":"tag-vieux-nice"},"share_on_mastodon":{"url":"","error":"Validation failed: Text character limit of 500 exceeded"},"_links":{"self":[{"href":"https:\/\/www.europesays.com\/fr\/wp-json\/wp\/v2\/posts\/131590","targetHints":{"allow":["GET"]}}],"collection":[{"href":"https:\/\/www.europesays.com\/fr\/wp-json\/wp\/v2\/posts"}],"about":[{"href":"https:\/\/www.europesays.com\/fr\/wp-json\/wp\/v2\/types\/post"}],"author":[{"embeddable":true,"href":"https:\/\/www.europesays.com\/fr\/wp-json\/wp\/v2\/users\/2"}],"replies":[{"embeddable":true,"href":"https:\/\/www.europesays.com\/fr\/wp-json\/wp\/v2\/comments?post=131590"}],"version-history":[{"count":0,"href":"https:\/\/www.europesays.com\/fr\/wp-json\/wp\/v2\/posts\/131590\/revisions"}],"wp:featuredmedia":[{"embeddable":true,"href":"https:\/\/www.europesays.com\/fr\/wp-json\/wp\/v2\/media\/131591"}],"wp:attachment":[{"href":"https:\/\/www.europesays.com\/fr\/wp-json\/wp\/v2\/media?parent=131590"}],"wp:term":[{"taxonomy":"category","embeddable":true,"href":"https:\/\/www.europesays.com\/fr\/wp-json\/wp\/v2\/categories?post=131590"},{"taxonomy":"post_tag","embeddable":true,"href":"https:\/\/www.europesays.com\/fr\/wp-json\/wp\/v2\/tags?post=131590"}],"curies":[{"name":"wp","href":"https:\/\/api.w.org\/{rel}","templated":true}]}}