{"id":131592,"date":"2025-05-27T10:52:20","date_gmt":"2025-05-27T10:52:20","guid":{"rendered":"https:\/\/www.europesays.com\/fr\/131592\/"},"modified":"2025-05-27T10:52:20","modified_gmt":"2025-05-27T10:52:20","slug":"alors-que-letang-se-vide-les-pecheurs-a-la-rescousse-des-poissons","status":"publish","type":"post","link":"https:\/\/www.europesays.com\/fr\/131592\/","title":{"rendered":"Alors que l\u2019\u00e9tang se vide, les p\u00eacheurs \u00e0 la rescousse des poissons"},"content":{"rendered":"<p>\u00c0 la suite d\u2019une fuite sous l\u2019ouvrage de l\u2019\u00e9tang de <a href=\"https:\/\/nantes.maville.com\/actu\/actudet_-la-gestion-de-ces-quatre-ports-nantes-erdre-suce-nort-et-blain-inquiete-les-plaisanciers-_8-6823171_actu.Htm\" target=\"_blank\" rel=\"noopener\">Blain<\/a>, avec l\u2019accord de la municipalit\u00e9, La Gaule Blinoise est intervenue pour faire une p\u00eache de sauvetage avec l\u2019aide de la f\u00e9d\u00e9ration de p\u00eache et de la protection du milieu aquatique.<\/p>\n<p>\u00c0 lire aussi\u00a0:<\/p>\n<p><a href=\"https:\/\/nantes.maville.com\/actu\/actudet_-la-foule-attendue-au-festival-de-la-peche-_8-6822809_actu.Htm\" target=\"_blank\" rel=\"noopener\">La foule attendue au festival de la p\u00eache<\/a><\/p>\n<p>Une entreprise va colmater la br\u00e8che<\/p>\n<p>\u00a0Nous avons r\u00e9cup\u00e9r\u00e9 une belle quantit\u00e9 de carpes et gardons ainsi que des tanches et perches. Tous ces poissons ont \u00e9t\u00e9 mis dans un \u00e9tang que la Gaule Blinoise g\u00e8re\u00a0, indique Jo\u00ebl Josse, pr\u00e9sident de la Gaule Blinoise. \u00c0 la suite de cette p\u00eache de sauvetage, une entreprise mandat\u00e9e par la mairie va venir faire un colmatage de cette br\u00e8che.<\/p>\n<p>\u00a0<\/p>\n","protected":false},"excerpt":{"rendered":"\u00c0 la suite d\u2019une fuite sous l\u2019ouvrage de l\u2019\u00e9tang de Blain, avec l\u2019accord de la municipalit\u00e9, La Gaule&hellip;\n","protected":false},"author":2,"featured_media":131593,"comment_status":"","ping_status":"","sticky":false,"template":"","format":"standard","meta":{"footnotes":""},"categories":[2818],"tags":[1111,11,17448,1777,674,1011,27,766,12,2636,15972,25579,25,25578,21632],"class_list":{"0":"post-131592","1":"post","2":"type-post","3":"status-publish","4":"format-standard","5":"has-post-thumbnail","7":"category-nantes","8":"tag-actu","9":"tag-actualites","10":"tag-etang","11":"tag-eu","12":"tag-europe","13":"tag-fr","14":"tag-france","15":"tag-nantes","16":"tag-news","17":"tag-pays-de-la-loire","18":"tag-pecheurs","19":"tag-poissons","20":"tag-republique-francaise","21":"tag-rescousse","22":"tag-vide"},"share_on_mastodon":{"url":"https:\/\/pubeurope.com\/@fr\/114579422977146081","error":""},"_links":{"self":[{"href":"https:\/\/www.europesays.com\/fr\/wp-json\/wp\/v2\/posts\/131592","targetHints":{"allow":["GET"]}}],"collection":[{"href":"https:\/\/www.europesays.com\/fr\/wp-json\/wp\/v2\/posts"}],"about":[{"href":"https:\/\/www.europesays.com\/fr\/wp-json\/wp\/v2\/types\/post"}],"author":[{"embeddable":true,"href":"https:\/\/www.europesays.com\/fr\/wp-json\/wp\/v2\/users\/2"}],"replies":[{"embeddable":true,"href":"https:\/\/www.europesays.com\/fr\/wp-json\/wp\/v2\/comments?post=131592"}],"version-history":[{"count":0,"href":"https:\/\/www.europesays.com\/fr\/wp-json\/wp\/v2\/posts\/131592\/revisions"}],"wp:featuredmedia":[{"embeddable":true,"href":"https:\/\/www.europesays.com\/fr\/wp-json\/wp\/v2\/media\/131593"}],"wp:attachment":[{"href":"https:\/\/www.europesays.com\/fr\/wp-json\/wp\/v2\/media?parent=131592"}],"wp:term":[{"taxonomy":"category","embeddable":true,"href":"https:\/\/www.europesays.com\/fr\/wp-json\/wp\/v2\/categories?post=131592"},{"taxonomy":"post_tag","embeddable":true,"href":"https:\/\/www.europesays.com\/fr\/wp-json\/wp\/v2\/tags?post=131592"}],"curies":[{"name":"wp","href":"https:\/\/api.w.org\/{rel}","templated":true}]}}