{"id":131598,"date":"2025-05-27T10:55:11","date_gmt":"2025-05-27T10:55:11","guid":{"rendered":"https:\/\/www.europesays.com\/fr\/131598\/"},"modified":"2025-05-27T10:55:11","modified_gmt":"2025-05-27T10:55:11","slug":"girondins-imaginons-que-bordeaux-metropole-refuse-au-club-de-jouer-au-stade-atlantique","status":"publish","type":"post","link":"https:\/\/www.europesays.com\/fr\/131598\/","title":{"rendered":"Girondins : \u00ab\u00a0Imaginons que Bordeaux M\u00e9tropole refuse au club de jouer au Stade Atlantique\u00a0\u00bb"},"content":{"rendered":"<p><img decoding=\"async\" src=\"https:\/\/www.europesays.com\/fr\/wp-content\/uploads\/2025\/04\/671_36cddd68a42428c0419fb2dff7ae22fc.jpg\" alt=\"Girondins : &quot;Imaginons que Bordeaux M\u00e9tropole refuse au club de jouer au Stade Atlantique&quot;\" class=\"img-responsive mt-3\"\/><\/p>\n<p class=\"text-center mb-3\" style=\"font-size: 14px\">\u00a9 Iconsport<\/p>\n<p style=\"text-align: justify;\">\u00c9coutez ses propos ou lisez-les :<\/p>\n<p>\u00a0<\/p>\n<p style=\"text-align: justify;\">\u00c0 la veille de l\u2019audience de <a href=\"https:\/\/www.webgirondins.com\/actualite-girondins-girondins-oliver-kahn-a-depose-un-dossier-de-plan-de-cession-pour-bordeaux-129221\" target=\"_blank\" rel=\"noopener\">G\u00e9rard Lopez devant le tribunal de Commerce de Bordeaux<\/a> pour faire valider son plan de continuation, Oliver Kahn d\u00e9pose un plan de cession visant \u00e0 concurrencer celui de G\u00e9rard Lopez.<\/p>\n<p><strong>Bordeaux M\u00e9tropole a les moyens de faire pression<\/strong><\/p>\n<p style=\"text-align: justify;\">Laurent Crocis dans le <a href=\"https:\/\/www.youtube.com\/watch?v=fGmkXYlZ62E&amp;t=6332s\" target=\"_blank\" rel=\"noopener\">Talk sur WebGirondins<\/a> : \u201cLa M\u00e9tropole est aussi une cl\u00e9. Il y a eu la cr\u00e9ation d&rsquo;une quatorzi\u00e8me classe (de cr\u00e9ance) \u00e0 la suite des parties de bras de fer avec la m\u00e9tropole de Christine Bost. C&rsquo;\u00e9tait le vendredi 16 mai, o\u00f9 la pr\u00e9sidente avait abord\u00e9 l&rsquo;action de garantie ainsi que le loyer. Elle avait conclu qu\u2019il \u00e9tait inacceptable de s&rsquo;asseoir sur 90% de la dette, puisqu&rsquo;elle est gestionnaire de fonds publics. Derri\u00e8re, le feu crois\u00e9 continuait avec Pierre Hurmic, m\u00eame si la somme \u00e9tait bien moindre : le loyer c&rsquo;est 19,7 millions d\u2019euros, alors que la somme \u00e0 la ville c&rsquo;est 35 000 euros. Il y a eu l&rsquo;ultimatum.<\/p>\n<p style=\"text-align: justify;\">Maintenant, imaginons que la m\u00e9tropole dise non \u00e0 15%, ce qui repr\u00e9sente 2,7 millions d\u2019euros d&rsquo;apr\u00e8s nos calculs, et qu&rsquo;elle demande plus. Ou imaginons qu\u2019elle refuse au club de jouer au Stade Atlantique. Or, ce stade est fondamental pour l&rsquo;\u00e9conomie du club, quel que soit le propri\u00e9taire. Le ticketing ou encore les hospitalit\u00e9s sont une source de revenus importante pour le club.\u201d<\/p>\n<p>\u00c0 lire &gt;&gt;\u00a0<strong><a href=\"https:\/\/www.webgirondins.com\/actualite-girondins-girondins-daniel-riolo-oliver-kahn-est-ultra-motive-et-le-demontre-129225\" target=\"_blank\" rel=\"noopener\">Daniel Riolo : \u00ab\u00a0Oliver Kahn est ultra motiv\u00e9 et le d\u00e9montre\u00a0\u00bb<\/a><br \/><\/strong><\/p>\n<p>\u00a0<\/p>\n","protected":false},"excerpt":{"rendered":"\u00a9 Iconsport \u00c9coutez ses propos ou lisez-les : \u00a0 \u00c0 la veille de l\u2019audience de G\u00e9rard Lopez devant&hellip;\n","protected":false},"author":2,"featured_media":4371,"comment_status":"","ping_status":"","sticky":false,"template":"","format":"standard","meta":{"footnotes":""},"categories":[2817],"tags":[1111,11,2865,1997,10322,5244,215,3956,16455,13413,4485,1777,674,1011,27,1987,25580,5236,2957,4654,3955,9865,2800,12,2219,13719,4653,5355,7914,21069,25,2858,5234,3693,5238],"class_list":{"0":"post-131598","1":"post","2":"type-post","3":"status-publish","4":"format-standard","5":"has-post-thumbnail","7":"category-bordeaux","8":"tag-actu","9":"tag-actualites","10":"tag-atlantique","11":"tag-bordeaux","12":"tag-cession","13":"tag-club","14":"tag-commerce","15":"tag-crocis","16":"tag-depot","17":"tag-devant","18":"tag-dossier","19":"tag-eu","20":"tag-europe","21":"tag-fr","22":"tag-france","23":"tag-girondins","24":"tag-imaginons","25":"tag-jouer","26":"tag-journaliste","27":"tag-kahn","28":"tag-laurent","29":"tag-lundi","30":"tag-metropole","31":"tag-news","32":"tag-nouvelle-aquitaine","33":"tag-occasion","34":"tag-oliver","35":"tag-plan","36":"tag-reagit","37":"tag-refuse","38":"tag-republique-francaise","39":"tag-stade","40":"tag-talk","41":"tag-tribunal","42":"tag-webgirondins"},"share_on_mastodon":{"url":"https:\/\/pubeurope.com\/@fr\/114579434736174564","error":""},"_links":{"self":[{"href":"https:\/\/www.europesays.com\/fr\/wp-json\/wp\/v2\/posts\/131598","targetHints":{"allow":["GET"]}}],"collection":[{"href":"https:\/\/www.europesays.com\/fr\/wp-json\/wp\/v2\/posts"}],"about":[{"href":"https:\/\/www.europesays.com\/fr\/wp-json\/wp\/v2\/types\/post"}],"author":[{"embeddable":true,"href":"https:\/\/www.europesays.com\/fr\/wp-json\/wp\/v2\/users\/2"}],"replies":[{"embeddable":true,"href":"https:\/\/www.europesays.com\/fr\/wp-json\/wp\/v2\/comments?post=131598"}],"version-history":[{"count":0,"href":"https:\/\/www.europesays.com\/fr\/wp-json\/wp\/v2\/posts\/131598\/revisions"}],"wp:featuredmedia":[{"embeddable":true,"href":"https:\/\/www.europesays.com\/fr\/wp-json\/wp\/v2\/media\/4371"}],"wp:attachment":[{"href":"https:\/\/www.europesays.com\/fr\/wp-json\/wp\/v2\/media?parent=131598"}],"wp:term":[{"taxonomy":"category","embeddable":true,"href":"https:\/\/www.europesays.com\/fr\/wp-json\/wp\/v2\/categories?post=131598"},{"taxonomy":"post_tag","embeddable":true,"href":"https:\/\/www.europesays.com\/fr\/wp-json\/wp\/v2\/tags?post=131598"}],"curies":[{"name":"wp","href":"https:\/\/api.w.org\/{rel}","templated":true}]}}