{"id":131601,"date":"2025-05-27T10:57:08","date_gmt":"2025-05-27T10:57:08","guid":{"rendered":"https:\/\/www.europesays.com\/fr\/131601\/"},"modified":"2025-05-27T10:57:08","modified_gmt":"2025-05-27T10:57:08","slug":"toulouse-aire-de-jeux-et-de-pique-nique-arbres-un-nouvel-espace-vert-voit-le-jour-dans-ce-quartier","status":"publish","type":"post","link":"https:\/\/www.europesays.com\/fr\/131601\/","title":{"rendered":"Toulouse. Aire de jeux et de pique-nique, arbres&#8230; Un nouvel espace vert voit le jour dans ce quartier"},"content":{"rendered":"<p>            Par<br \/>\n        <strong><br \/>\n            <a href=\"https:\/\/actu.fr\/auteur\/lea-afonso\" title=\"Consulter tous les articles de L\u00e9a Afonso\" target=\"_blank\" rel=\"noopener\">L\u00e9a Afonso<\/a><br \/>\n        <\/strong><\/p>\n<p>        Publi\u00e9 le<\/p>\n<p>            27 mai 2025 \u00e0 12h52        <\/p>\n<p>V\u00e9g\u00e9taliser <a href=\"https:\/\/actu.fr\/toulouse\/\" target=\"_blank\" rel=\"noopener\">Toulouse<\/a>, c\u2019est un mot d\u2019ordre pour la mairie. En cette fin mai, un tout nouvel <strong>espace vert<\/strong> a \u00e9t\u00e9 inaugur\u00e9 <a href=\"https:\/\/actu.fr\/occitanie\/toulouse_31555\/un-quartier-de-toulouse-accueille-l-un-des-chantiers-les-plus-importants-de-la-ville-son-role-est-primordial_62166083.html\" target=\"_blank\" rel=\"noopener\">dans le <strong>quartier Raisin<\/strong>,<\/a> l\u00e0 o\u00f9 une <a href=\"https:\/\/actu.fr\/occitanie\/toulouse_31555\/toulouse-autour-de-cette-future-station-de-la-ligne-c-du-metro-le-quartier-va-muter_60924439.html\" target=\"_blank\" rel=\"noopener\">future station de la ligne C du m\u00e9tro<\/a> verra le jour\u2009: le Square des Magasins g\u00e9n\u00e9raux. Un parc qui entre dans le projet du Grand Matabiau quais d\u2019Oc. On vous le pr\u00e9sente.<\/p>\n<p>    <a href=\"https:\/\/www.google.com\/maps\/embed?pb=!1m18!1m12!1m3!1d510.6259048685044!2d1.4492481458868793!3d43.616195179718645!2m3!1f0!2f0!3f0!3m2!1i1024!2i768!4f13.1!3m3!1m2!1s0x12aebd0076b9d6c9%3A0xfacf7003eafdf109!2sSncf%201Pulsion!5e0!3m2!1sfr!2sfr!4v1748340904312!5m2!1sfr!2sfr\" title=\"Ouvrie le lien\" target=\"_blank\" rel=\"noopener\">Cliquez ici pour visualiser le contenu<\/a><\/p>\n<p>Aire de jeux et espace vert<\/p>\n<p class=\" wall-content\">Un tout nouvel espace v\u00e9g\u00e9talis\u00e9 de 0,35 hectare, attend les Toulousains en plein c\u0153ur du quartier Raisin. Il s\u2019agit du <strong>Square des Magasins g\u00e9n\u00e9raux<\/strong>. Aire de jeux pour enfants, mobilier de pique-nique, fontaine \u00e0 boire, bancs\u2009: il y a tout pour profiter d\u2019un instant de d\u00e9tente \u00e0 l\u2019ombre de<strong> 45 arbres<\/strong>. V\u00e9ritable poumon vert au sein de ce quartier.<\/p>\n<p class=\" wall-content\">\u00ab\u2009Ces am\u00e9nagements ont fait l\u2019objet d\u2019une concertation en 2021 aupr\u00e8s des riverains et des principaux acteurs du secteur\u2009: salari\u00e9s de l\u2019ARS, collectifs d\u2019artisans et graphistes qui r\u00e9sident dans le b\u00e2timent des Magasins G\u00e9n\u00e9raux\u2009\u00bb, rappelle la mairie de Toulouse.<\/p>\n<p class=\" wall-content\">Le square fait face \u00e0 l\u2019immeuble \u00ab\u20091pulsion\u2009\u00bb, <a href=\"https:\/\/actu.fr\/occitanie\/toulouse_31555\/toulouse-ce-nouvel-immeuble-emblematique-du-grand-matabiau-va-bientot-accueillir-ses-premiers-pensionnaires_62278410.html\" target=\"_blank\" rel=\"noopener\">dont\u00a0Actu Toulouse\u00a0vous parlait en f\u00e9vrier dernier,<\/a> \u00e0 l\u2019angle du chemin du Raisin et d\u2019une nouvelle voirie en cours de construction\u2009: la rue M\u00e8re \u00c9lise Rivet. \u00ab\u2009\u00c0 l\u2019horizon 2028, cette rue reliera l\u2019avenue Collignon \u00e0 l\u2019avenue de Lyon et accueillera un tron\u00e7on du R\u00e9seau Express V\u00e9lo n\u00b016 (Saint-Jory &gt;\u00a0Toulouse)\u2009\u00bb, compl\u00e8te la mairie.<\/p>\n<p>Le premier d\u2019une longue lign\u00e9<\/p>\n<p class=\" wall-content\">Ce tout nouveau parc est<strong> situ\u00e9 sur \u00ab\u2009d\u2019anciens fonciers SNCF<\/strong> amen\u00e9s \u00e0 se transformer et c\u00e9d\u00e9s \u00e0 Europolia dans le cadre du projet partenarial Grand Matabiau quais d\u2019Oc\u2009\u00bb, compl\u00e8te la mairie. Il est donc \u00ab\u2009le <strong>premier espace vert du quartier<\/strong> en construction autour de la station Raisin de la ligne C du m\u00e9tro\u2009\u00bb. Avec l\u2019arriv\u00e9e de cette derni\u00e8re et le r\u00e9am\u00e9nagement du quartier, d\u2019autres parcs devraient voir le jour.<\/p>\n<p class=\" wall-content\">\u00ab\u2009Les quartiers autour de la gare Matabiau se m\u00e9tamorphosent\u2009! Apr\u00e8s la d\u00e9simperm\u00e9abilisation de la placette aux Magnolias et la fin des travaux de la premi\u00e8re partie de la rue M\u00e8re \u00c9lise Rivet, nous inaugurons, aujourd\u2019hui, le square des Magasins g\u00e9n\u00e9raux. Ces nouveaux espaces r\u00e9nov\u00e9s et repens\u00e9s pour adapter la ville aux nouveaux modes de vie et \u00e0 l\u2019enjeu du changement climatique, nous permettent d\u2019imaginer l\u2019environnement du futur quartier Raisin qui na\u00eetra autour de la station de la ligne C du m\u00e9tro. Des espaces publics plus agr\u00e9ables \u00e0 vivre, plus conviviaux et qui donnent plus de place \u00e0 la nature pour que les habitants du quartier profitent de v\u00e9ritables lieux de fra\u00eecheur autour de services utiles \u00e0 leur quotidien\u2009\u00bb, d\u00e9clare Jean-Luc Moudenc, maire de Toulouse et pr\u00e9sident de Toulouse M\u00e9tropole.<\/p>\n<p>Diffuser l\u2019ambiance du canal du midi<\/p>\n<p class=\" wall-content\">Le square a \u00e9t\u00e9 construit et am\u00e9nag\u00e9 de mani\u00e8re \u00e0 <strong>\u00ab\u2009prolonger et diffuser l\u2019ambiance du canal du midi<\/strong>, explique la mairie. Une trame verte qui s\u2019inscrit dans la continuit\u00e9 de la \u00ab\u2009placette aux Magnolias\u2009\u00bb situ\u00e9e au d\u00e9but du chemin du Raisin et qui a fait l\u2019objet, \u00e0 l\u2019\u00e9t\u00e9 2024, d\u2019une d\u00e9simperm\u00e9abilisation et d\u2019une v\u00e9g\u00e9talisation au pied des 16 magnolias\u2009\u00bb.<\/p>\n<p class=\" wall-content\">Des op\u00e9rations qui permettent d\u2019am\u00e9liorer le cycle de l\u2019eau et abaisser la temp\u00e9rature en cas de forte chaleur.<\/p>\n<p>Investissement<\/p>\n<p>Le montant global de ces travaux s&rsquo;\u00e9l\u00e8ve \u00e0 4,8 M\u20ac. Cela comprend aussi la placette aux Magnolias et rue M\u00e8re \u00c9lise Rivet phase 1.<\/p>\n<p class=\" wall-content\">Suivez toute l\u2019actualit\u00e9 de vos villes et m\u00e9dias favoris en vous inscrivant \u00e0 <a href=\"https:\/\/moncompte.actu.fr\" title=\"D\u00e9couvez Mon Actu\" rel=\"nofollow noopener\" data-trk=\"{&quot;cta&quot;:{&quot;action&quot;:&quot;https:\\\/\\\/moncompte.actu.fr&quot;,&quot;category&quot;:&quot;mon compte&quot;,&quot;from&quot;:&quot;article footer&quot;,&quot;name&quot;:&quot;Mon actu&quot;,&quot;type&quot;:&quot;cta&quot;}}\" target=\"_blank\">Mon Actu<\/a>.<\/p>\n<ul class=\"ac-article-tag wall-content\">\n<li><a href=\"https:\/\/actu.fr\/tag\/ligne-c-du-metro-de-toulouse\" data-trk=\"{&quot;cta&quot;:{&quot;action&quot;:&quot;Ligne C du m\\u00e9tro de Toulouse&quot;,&quot;category&quot;:&quot;tag&quot;,&quot;from&quot;:&quot;article footer&quot;,&quot;name&quot;:&quot;Ligne C du m\\u00e9tro de Toulouse&quot;,&quot;type&quot;:&quot;cta&quot;}}\" target=\"_blank\" rel=\"noopener\">#Ligne C du m\u00e9tro de Toulouse<\/a><\/li>\n<li><a href=\"https:\/\/actu.fr\/tag\/urbanisme\" data-trk=\"{&quot;cta&quot;:{&quot;action&quot;:&quot;Urbanisme&quot;,&quot;category&quot;:&quot;tag&quot;,&quot;from&quot;:&quot;article footer&quot;,&quot;name&quot;:&quot;Urbanisme&quot;,&quot;type&quot;:&quot;cta&quot;}}\" target=\"_blank\" rel=\"noopener\">#Urbanisme<\/a><\/li>\n<\/ul>\n","protected":false},"excerpt":{"rendered":"Par L\u00e9a Afonso Publi\u00e9 le 27 mai 2025 \u00e0 12h52 V\u00e9g\u00e9taliser Toulouse, c\u2019est un mot d\u2019ordre pour la&hellip;\n","protected":false},"author":2,"featured_media":131602,"comment_status":"","ping_status":"","sticky":false,"template":"","format":"standard","meta":{"footnotes":""},"categories":[2816],"tags":[1111,11,1777,674,1011,27,5224,12,2680,25,104,2312,1352],"class_list":{"0":"post-131601","1":"post","2":"type-post","3":"status-publish","4":"format-standard","5":"has-post-thumbnail","7":"category-toulouse","8":"tag-actu","9":"tag-actualites","10":"tag-eu","11":"tag-europe","12":"tag-fr","13":"tag-france","14":"tag-ligne-c-du-metro-de-toulouse","15":"tag-news","16":"tag-occitanie","17":"tag-republique-francaise","18":"tag-societe","19":"tag-toulouse","20":"tag-urbanisme"},"share_on_mastodon":{"url":"https:\/\/pubeurope.com\/@fr\/114579442370262833","error":""},"_links":{"self":[{"href":"https:\/\/www.europesays.com\/fr\/wp-json\/wp\/v2\/posts\/131601","targetHints":{"allow":["GET"]}}],"collection":[{"href":"https:\/\/www.europesays.com\/fr\/wp-json\/wp\/v2\/posts"}],"about":[{"href":"https:\/\/www.europesays.com\/fr\/wp-json\/wp\/v2\/types\/post"}],"author":[{"embeddable":true,"href":"https:\/\/www.europesays.com\/fr\/wp-json\/wp\/v2\/users\/2"}],"replies":[{"embeddable":true,"href":"https:\/\/www.europesays.com\/fr\/wp-json\/wp\/v2\/comments?post=131601"}],"version-history":[{"count":0,"href":"https:\/\/www.europesays.com\/fr\/wp-json\/wp\/v2\/posts\/131601\/revisions"}],"wp:featuredmedia":[{"embeddable":true,"href":"https:\/\/www.europesays.com\/fr\/wp-json\/wp\/v2\/media\/131602"}],"wp:attachment":[{"href":"https:\/\/www.europesays.com\/fr\/wp-json\/wp\/v2\/media?parent=131601"}],"wp:term":[{"taxonomy":"category","embeddable":true,"href":"https:\/\/www.europesays.com\/fr\/wp-json\/wp\/v2\/categories?post=131601"},{"taxonomy":"post_tag","embeddable":true,"href":"https:\/\/www.europesays.com\/fr\/wp-json\/wp\/v2\/tags?post=131601"}],"curies":[{"name":"wp","href":"https:\/\/api.w.org\/{rel}","templated":true}]}}