{"id":13162,"date":"2025-04-09T17:21:09","date_gmt":"2025-04-09T17:21:09","guid":{"rendered":"https:\/\/www.europesays.com\/fr\/13162\/"},"modified":"2025-04-09T17:21:09","modified_gmt":"2025-04-09T17:21:09","slug":"ue-chine-canada-comment-le-monde-repond-aux-droits-de-douane-de-trump","status":"publish","type":"post","link":"https:\/\/www.europesays.com\/fr\/13162\/","title":{"rendered":"UE, Chine, Canada&#8230; Comment le monde r\u00e9pond aux droits de douane de Trump"},"content":{"rendered":"<p>L&rsquo;Union europ\u00e9enne a adopt\u00e9 ce mercredi ses premi\u00e8res mesures de riposte aux droits de douane de Donald Trump. Les Vingt-Sept\u00a0ont donn\u00e9 leur feu vert \u00e0 la taxation d&rsquo;une premi\u00e8re liste de plus 20 milliards d&rsquo;euros de marchandises am\u00e9ricaines.<\/p>\n<p>Celle-ci\u00a0comporte des produits agricoles comme le soja, la volaille, le riz, et plusieurs fruits. Elle pr\u00e9voit \u00e9galement des droits allant jusqu&rsquo;\u00e0 25 % sur le bois, les motos, des produits plastiques, des \u00e9quipements \u00e9lectriques ou des produits de maquillage.\u00a0La plus grande partie de ces taxes entrera en vigueur mi-mai, d&rsquo;autres en d\u00e9cembre.<\/p>\n<p>Ces mesures r\u00e9pondent aux 25\u00a0% impos\u00e9s par Donald Trump sur l&rsquo;acier et l&rsquo;aluminium mi-mars.\u00a0La\u00a0riposte\u00a0europ\u00e9enne\u00a0aux droits de douane de 20\u00a0%, d\u00e9cr\u00e9t\u00e9s le 2 avril, pourrait, elle, \u00eatre pr\u00e9sent\u00e9e en d\u00e9but de semaine prochaine.<\/p>\n","protected":false},"excerpt":{"rendered":"L&rsquo;Union europ\u00e9enne a adopt\u00e9 ce mercredi ses premi\u00e8res mesures de riposte aux droits de douane de Donald Trump.&hellip;\n","protected":false},"author":2,"featured_media":13163,"comment_status":"","ping_status":"","sticky":false,"template":"","format":"standard","meta":{"footnotes":""},"categories":[1586],"tags":[17,11,1007,574,309,20,33,1777,674,1779,1011,27,74,12,5957,25,1778,364],"class_list":{"0":"post-13162","1":"post","2":"type-post","3":"status-publish","4":"format-standard","5":"has-post-thumbnail","7":"category-europe","8":"tag-17","9":"tag-actualites","10":"tag-aux","11":"tag-canada","12":"tag-chine","13":"tag-comment","14":"tag-economie","15":"tag-eu","16":"tag-europe","17":"tag-european-union","18":"tag-fr","19":"tag-france","20":"tag-monde","21":"tag-news","22":"tag-repond","23":"tag-republique-francaise","24":"tag-ue","25":"tag-union-europeenne"},"share_on_mastodon":{"url":"https:\/\/pubeurope.com\/@fr\/114309161552631288","error":""},"_links":{"self":[{"href":"https:\/\/www.europesays.com\/fr\/wp-json\/wp\/v2\/posts\/13162","targetHints":{"allow":["GET"]}}],"collection":[{"href":"https:\/\/www.europesays.com\/fr\/wp-json\/wp\/v2\/posts"}],"about":[{"href":"https:\/\/www.europesays.com\/fr\/wp-json\/wp\/v2\/types\/post"}],"author":[{"embeddable":true,"href":"https:\/\/www.europesays.com\/fr\/wp-json\/wp\/v2\/users\/2"}],"replies":[{"embeddable":true,"href":"https:\/\/www.europesays.com\/fr\/wp-json\/wp\/v2\/comments?post=13162"}],"version-history":[{"count":0,"href":"https:\/\/www.europesays.com\/fr\/wp-json\/wp\/v2\/posts\/13162\/revisions"}],"wp:featuredmedia":[{"embeddable":true,"href":"https:\/\/www.europesays.com\/fr\/wp-json\/wp\/v2\/media\/13163"}],"wp:attachment":[{"href":"https:\/\/www.europesays.com\/fr\/wp-json\/wp\/v2\/media?parent=13162"}],"wp:term":[{"taxonomy":"category","embeddable":true,"href":"https:\/\/www.europesays.com\/fr\/wp-json\/wp\/v2\/categories?post=13162"},{"taxonomy":"post_tag","embeddable":true,"href":"https:\/\/www.europesays.com\/fr\/wp-json\/wp\/v2\/tags?post=13162"}],"curies":[{"name":"wp","href":"https:\/\/api.w.org\/{rel}","templated":true}]}}