{"id":131621,"date":"2025-05-27T11:10:10","date_gmt":"2025-05-27T11:10:10","guid":{"rendered":"https:\/\/www.europesays.com\/fr\/131621\/"},"modified":"2025-05-27T11:10:10","modified_gmt":"2025-05-27T11:10:10","slug":"etat-de-la-dette-locale-en-2024-1","status":"publish","type":"post","link":"https:\/\/www.europesays.com\/fr\/131621\/","title":{"rendered":"\u00c9tat de la dette locale en 2024 (1)"},"content":{"rendered":"<p>\t\t\tForte hausse du volume emprunt\u00e9 en 2024<\/p>\n<p>Le volume d\u2019emprunt repart \u00e0 la hausse en 2024 avec un recours \u00e0 l\u2019emprunt estim\u00e9 par Standard &amp; Poor\u2019s \u00e0 environ 27 milliards d\u2019euros contre moins de 20 milliards d\u2019euros en 2023. Apr\u00e8s une baisse en 2022, suivie d\u2019une stabilisation en 2023, le volume d\u2019emprunt conna\u00eet une augmentation de pr\u00e8s de 24 % en 2024. Ce regain d\u2019int\u00e9r\u00eat pour l\u2019emprunt s\u2019explique selon Finance Active par plusieurs facteurs :<\/p>\n<ul>\n<li>une hausse des besoins d\u2019investissement, dans un contexte de r\u00e9duction des autres sources de financement (baisse de l\u2019\u00e9pargne et des subventions) et de fin de cycle \u00e9lectoral ;<\/li>\n<li>une inflation persistante ayant rench\u00e9ri le co\u00fbt des projets ;<\/li>\n<li>et une part de financements &#8230;<\/li>\n<\/ul>\n<p class=\"blocCut__title\">\n\t\t\t\t\t\t\t\t\t[90% reste \u00e0 lire]\n\t\t\t\t\t\t\t<\/p>\n<p class=\"blocCut__title--type2\">Article r\u00e9serv\u00e9 aux abonn\u00e9s<\/p>\n<p class=\"blocCut__title--type3\">Club Finances<\/p>\n<p class=\"blocCut__title--type2\">VOUS N&rsquo;\u00eaTES PAS ABONN\u00e9 ?<\/p>\n<p class=\"blocCut__title--type4\">Testez notre Offre D\u00e9couverte Club finances pendant 15 jours<\/p>\n<p>\t\t\t\t\t\t\t\t<a href=\"https:\/\/www.abonnement.infopro-digital.com\/club-finances\/inscription\/227\/1726#xtor=CS5-313-[site_paywall]-[https:\/\/www.lagazettedescommunes.com\/983940\/etat-de-la-dette-locale-en-2024-1\/]-[page_article]-[a]\" target=\"_blank\" class=\"btn__full buttonTypeA buttonTypeA--1\" rel=\"noopener\">J\u2019en profite<\/a><\/p>\n<p class=\"blocRef__title\">R\u00e9f\u00e9rences<\/p>\n<ul>&#13;<\/p>\n<li>Pour toute question sur l&rsquo;Observatoire Finance Active de la dette 2025 : contact@financeactive.com<\/li>\n<p>&#13;<\/p>\n<li>Plus d&rsquo;informations sur l&rsquo;entreprise et ses expertises sur : www.financeactive.com\/fr<\/li>\n<p>&#13;\n<\/ul>\n","protected":false},"excerpt":{"rendered":"Forte hausse du volume emprunt\u00e9 en 2024 Le volume d\u2019emprunt repart \u00e0 la hausse en 2024 avec un&hellip;\n","protected":false},"author":2,"featured_media":131622,"comment_status":"","ping_status":"","sticky":false,"template":"","format":"standard","meta":{"footnotes":""},"categories":[1888],"tags":[25583,2348,11,2346,25586,2345,6327,1777,674,25585,1011,27,12,626,25584,25,2347],"class_list":{"0":"post-131621","1":"post","2":"type-post","3":"status-publish","4":"format-standard","5":"has-post-thumbnail","7":"category-paris","8":"tag-a-la-une-finances","9":"tag-actu-experts-finances","10":"tag-actualites","11":"tag-actualites-finances","12":"tag-auteurassocie","13":"tag-club-finances","14":"tag-dette","15":"tag-eu","16":"tag-europe","17":"tag-fiches-finances","18":"tag-fr","19":"tag-france","20":"tag-news","21":"tag-paris","22":"tag-pratique-finances","23":"tag-republique-francaise","24":"tag-toute-lactu-finances"},"share_on_mastodon":{"url":"https:\/\/pubeurope.com\/@fr\/114579493769404914","error":""},"_links":{"self":[{"href":"https:\/\/www.europesays.com\/fr\/wp-json\/wp\/v2\/posts\/131621","targetHints":{"allow":["GET"]}}],"collection":[{"href":"https:\/\/www.europesays.com\/fr\/wp-json\/wp\/v2\/posts"}],"about":[{"href":"https:\/\/www.europesays.com\/fr\/wp-json\/wp\/v2\/types\/post"}],"author":[{"embeddable":true,"href":"https:\/\/www.europesays.com\/fr\/wp-json\/wp\/v2\/users\/2"}],"replies":[{"embeddable":true,"href":"https:\/\/www.europesays.com\/fr\/wp-json\/wp\/v2\/comments?post=131621"}],"version-history":[{"count":0,"href":"https:\/\/www.europesays.com\/fr\/wp-json\/wp\/v2\/posts\/131621\/revisions"}],"wp:featuredmedia":[{"embeddable":true,"href":"https:\/\/www.europesays.com\/fr\/wp-json\/wp\/v2\/media\/131622"}],"wp:attachment":[{"href":"https:\/\/www.europesays.com\/fr\/wp-json\/wp\/v2\/media?parent=131621"}],"wp:term":[{"taxonomy":"category","embeddable":true,"href":"https:\/\/www.europesays.com\/fr\/wp-json\/wp\/v2\/categories?post=131621"},{"taxonomy":"post_tag","embeddable":true,"href":"https:\/\/www.europesays.com\/fr\/wp-json\/wp\/v2\/tags?post=131621"}],"curies":[{"name":"wp","href":"https:\/\/api.w.org\/{rel}","templated":true}]}}