{"id":131625,"date":"2025-05-27T11:12:09","date_gmt":"2025-05-27T11:12:09","guid":{"rendered":"https:\/\/www.europesays.com\/fr\/131625\/"},"modified":"2025-05-27T11:12:09","modified_gmt":"2025-05-27T11:12:09","slug":"jo-2026-la-france-repechee-pour-le-tournoi-masculin-la-russie-toujours-ecartee-par-le-cio","status":"publish","type":"post","link":"https:\/\/www.europesays.com\/fr\/131625\/","title":{"rendered":"JO 2026. La France rep\u00each\u00e9e pour le tournoi masculin, la Russie toujours \u00e9cart\u00e9e par le CIO"},"content":{"rendered":"<p>Du c\u00f4t\u00e9 de la F\u00e9d\u00e9ration Fran\u00e7aise de hockey sur glace, <a href=\"https:\/\/www.ledauphine.com\/sport\/2025\/05\/26\/la-russie-ne-sera-pas-aux-jeux-olympiques-le-president-de-la-federation-internationale-met-fin-au-suspense\" target=\"_blank\" rel=\"nofollow noopener\">l&rsquo;annonce avait d\u00e9j\u00e0 \u00e9t\u00e9 faite<\/a>. Les hockeyeurs fran\u00e7ais seront officiellement pr\u00e9sents aux Jeux Olympiques de Milan &#8211; Cortina d&rsquo;Ampezzo, du 5 au 22 f\u00e9vrier 2026. Le Comit\u00e9 International Olympique (CIO) a confirm\u00e9 ce mardi matin la suspension de la Russie, suite \u00e0 l&rsquo;invasion\u00a0de l&rsquo;Ukraine en 2022, entra\u00eenement le rep\u00eachage de la France<\/p>\n<p>\u00ab\u00a0La recommandation de la commission ex\u00e9cutive du CIO de mars 2023 concernant les \u00e9quipes d&rsquo;athl\u00e8tes ayant un passeport russe reste en vigueur \u00bb a communiqu\u00e9 l&rsquo;organe olympique.<\/p>\n<p>  Un groupe tr\u00e8s cors\u00e9 pour les Bleus<\/p>\n<p>Une d\u00e9cision qui arrive seulement quelques jours apr\u00e8s <a href=\"https:\/\/www.ledauphine.com\/sport\/2025\/05\/19\/battue-par-la-slovenie-la-france-releguee-en-d1a\" target=\"_blank\" rel=\"nofollow noopener\">la rel\u00e9gation de l&rsquo;\u00e9quipe de France en Division 1A<\/a>, suite \u00e0 sa derni\u00e8re place au Mondial en Su\u00e8de. 24 ans apr\u00e8s, les Bleus vont donc retrouver les Jeux Olympiques. Ils sont plac\u00e9s dans une poule avec le Canada, la R\u00e9publique Tch\u00e8que et la Suisse, vice-championne du monde en titre. Les Fran\u00e7aises feront, quant \u00e0 elles, leur premi\u00e8re apparition aux JO. Elles sont plac\u00e9es avec l&rsquo;Allemagne, l&rsquo;Italie, le Japon et la Su\u00e8de.<\/p>\n","protected":false},"excerpt":{"rendered":"Du c\u00f4t\u00e9 de la F\u00e9d\u00e9ration Fran\u00e7aise de hockey sur glace, l&rsquo;annonce avait d\u00e9j\u00e0 \u00e9t\u00e9 faite. Les hockeyeurs fran\u00e7ais&hellip;\n","protected":false},"author":2,"featured_media":131626,"comment_status":"","ping_status":"","sticky":false,"template":"","format":"standard","meta":{"footnotes":""},"categories":[1591],"tags":[11,25587,1887,1701,4133,21243,3996,12,1885,1886,132,517],"class_list":{"0":"post-131625","1":"post","2":"type-post","3":"status-publish","4":"format-standard","5":"has-post-thumbnail","7":"category-russie","8":"tag-actualites","9":"tag-equipes-de-france","10":"tag-federation-de-russie","11":"tag-fil-info-sport","12":"tag-hockey-sur-glace","13":"tag-jeux-olympiques-dhiver","14":"tag-jeux-olympiques","15":"tag-news","16":"tag-russia","17":"tag-russian-federation","18":"tag-russie","19":"tag-sport"},"share_on_mastodon":{"url":"https:\/\/pubeurope.com\/@fr\/114579501495485086","error":""},"_links":{"self":[{"href":"https:\/\/www.europesays.com\/fr\/wp-json\/wp\/v2\/posts\/131625","targetHints":{"allow":["GET"]}}],"collection":[{"href":"https:\/\/www.europesays.com\/fr\/wp-json\/wp\/v2\/posts"}],"about":[{"href":"https:\/\/www.europesays.com\/fr\/wp-json\/wp\/v2\/types\/post"}],"author":[{"embeddable":true,"href":"https:\/\/www.europesays.com\/fr\/wp-json\/wp\/v2\/users\/2"}],"replies":[{"embeddable":true,"href":"https:\/\/www.europesays.com\/fr\/wp-json\/wp\/v2\/comments?post=131625"}],"version-history":[{"count":0,"href":"https:\/\/www.europesays.com\/fr\/wp-json\/wp\/v2\/posts\/131625\/revisions"}],"wp:featuredmedia":[{"embeddable":true,"href":"https:\/\/www.europesays.com\/fr\/wp-json\/wp\/v2\/media\/131626"}],"wp:attachment":[{"href":"https:\/\/www.europesays.com\/fr\/wp-json\/wp\/v2\/media?parent=131625"}],"wp:term":[{"taxonomy":"category","embeddable":true,"href":"https:\/\/www.europesays.com\/fr\/wp-json\/wp\/v2\/categories?post=131625"},{"taxonomy":"post_tag","embeddable":true,"href":"https:\/\/www.europesays.com\/fr\/wp-json\/wp\/v2\/tags?post=131625"}],"curies":[{"name":"wp","href":"https:\/\/api.w.org\/{rel}","templated":true}]}}