{"id":131633,"date":"2025-05-27T11:16:09","date_gmt":"2025-05-27T11:16:09","guid":{"rendered":"https:\/\/www.europesays.com\/fr\/131633\/"},"modified":"2025-05-27T11:16:09","modified_gmt":"2025-05-27T11:16:09","slug":"accuse-dune-attaque-djihadiste-au-couteau-un-syrien-plaide-coupable-a-son-proces","status":"publish","type":"post","link":"https:\/\/www.europesays.com\/fr\/131633\/","title":{"rendered":"accus\u00e9 d&rsquo;une attaque djihadiste au couteau, un Syrien plaide coupable \u00e0 son proc\u00e8s"},"content":{"rendered":"<p>            <a href=\"https:\/\/www.lefigaro.fr\/international\/allemagne-au-moins-12-blesses-dans-une-attaque-au-couteau-a-la-gare-de-hambourg-20250523\" class=\"fig-ranking-profile-link\" data-fig-domain=\"LEFIGARO\" rel=\"nofollow noopener\" target=\"_blank\"><\/p>\n<p>        Allemagne\u00a0: au moins 18 bless\u00e9s dans une attaque au couteau \u00e0 la gare de Hambourg, la suspecte atteinte de troubles mentaux<\/p>\n<p>                                                                        <\/a><\/p>\n<p>        <img   class=\"fig-img fig-ranking-profile-media-small-picture__photo\" alt=\"Allemagne\u00a0: au moins 18 bless\u00e9s dans une attaque au couteau \u00e0 la gare de Hambourg, la suspecte atteinte de troubles mentaux\" height=\"1753\" width=\"2643\"\/><\/p>\n<p class=\"fig-ranking-profile-standfirst\">\n    Les enqu\u00eateurs examinent la possibilit\u00e9 que la suspecte se soit trouv\u00e9e \u00abdans un \u00e9tat d\u2019urgence psychiatrique\u00bb. La police n\u2019a pas fourni plus de pr\u00e9cision sur l\u2019identit\u00e9 de l\u2019assaillante, de nationalit\u00e9 allemande.\n<\/p>\n<p>            <a href=\"https:\/\/www.lefigaro.fr\/international\/les-images-de-l-interieur-du-luxueux-boeing-747-offert-par-le-qatar-a-donald-trump-20250526\" class=\"fig-ranking-profile-link\" aria-label=\"Les images de l\u2019int\u00e9rieur du luxueux Boeing 747 offert par le Qatar \u00e0 Donald Trump (article Premium)\" title=\"Les images de l\u2019int\u00e9rieur du luxueux Boeing 747 offert par le Qatar \u00e0 Donald Trump (article Premium)\" data-fig-domain=\"LEFIGARO\" rel=\"nofollow noopener\" target=\"_blank\"><\/p>\n<p>        Les images de l\u2019int\u00e9rieur du luxueux Boeing 747 offert par le Qatar \u00e0 Donald Trump<\/p>\n<p>                                                                        <\/a><\/p>\n<p>        <img   class=\"fig-img fig-ranking-profile-media-small-picture__photo\" alt=\"Les images de l\u2019int\u00e9rieur du luxueux Boeing 747 offert par le Qatar \u00e0 Donald Trump\" height=\"1193\" width=\"1790\"\/><\/p>\n<p class=\"fig-ranking-profile-standfirst\">\n    <strong>INFOGRAPHIES &#8211; <\/strong>Ce 747-8i, cadeau de l\u2019\u00e9mirat gazier pour le pr\u00e9sident am\u00e9ricain, est un v\u00e9ritable palais volant mais semble totalement inadapt\u00e9 aux contraintes de la fonction de son futur occupant.\n<\/p>\n<p>            <a href=\"https:\/\/www.lefigaro.fr\/international\/andrei-mordvitchev-le-general-russe-qui-monte-et-prepare-la-guerre-apres-l-ukraine-20250523\" class=\"fig-ranking-profile-link\" aria-label=\"Andre\u00ef Mordvitchev, le g\u00e9n\u00e9ral russe qui monte, et pr\u00e9pare la guerre apr\u00e8s l\u2019Ukraine (article Premium)\" title=\"Andre\u00ef Mordvitchev, le g\u00e9n\u00e9ral russe qui monte, et pr\u00e9pare la guerre apr\u00e8s l\u2019Ukraine (article Premium)\" data-fig-domain=\"LEFIGARO\" rel=\"nofollow noopener\" target=\"_blank\"><\/p>\n<p>        Andre\u00ef Mordvitchev, le g\u00e9n\u00e9ral russe qui monte, et pr\u00e9pare la guerre apr\u00e8s l\u2019Ukraine<\/p>\n<p>                                                                        <\/a><\/p>\n<p>        <img   class=\"fig-img fig-ranking-profile-media-small-picture__photo\" alt=\"Andre\u00ef Mordvitchev, le g\u00e9n\u00e9ral russe qui monte, et pr\u00e9pare la guerre apr\u00e8s l\u2019Ukraine\" height=\"1767\" width=\"1250\"\/><\/p>\n<p class=\"fig-ranking-profile-standfirst\">\n    <strong>PORTRAIT<\/strong> &#8211; Ha\u00ef par les Ukrainiens, qui l\u2019avaient annonc\u00e9 mort en mars 2022, v\u00e9n\u00e9r\u00e9 par les Russes qui voient en lui le tombeur de Marioupol et d\u2019Avdiivka, le nouveau commandant en chef des forces terrestres marque un renouvellement de g\u00e9n\u00e9ration, celle qui a connu le feu en Ukraine.<\/p>\n","protected":false},"excerpt":{"rendered":"Allemagne\u00a0: au moins 18 bless\u00e9s dans une attaque au couteau \u00e0 la gare de Hambourg, la suspecte atteinte&hellip;\n","protected":false},"author":2,"featured_media":131634,"comment_status":"","ping_status":"","sticky":false,"template":"","format":"standard","meta":{"footnotes":""},"categories":[1587],"tags":[259,11,260,672,834,1804,1805,1803,25588,1777,674,1801,14,261,12,262,2694,1802],"class_list":{"0":"post-131633","1":"post","2":"type-post","3":"status-publish","4":"format-standard","5":"has-post-thumbnail","7":"category-allemagne","8":"tag-actualite-internationale","9":"tag-actualites","10":"tag-affaires-etrangeres","11":"tag-allemagne","12":"tag-attaque","13":"tag-bundesrepublik-deutschland","14":"tag-de","15":"tag-deutschland","16":"tag-djihadistes","17":"tag-eu","18":"tag-europe","19":"tag-germany","20":"tag-international","21":"tag-ministere-des-affaires-etrangeres","22":"tag-news","23":"tag-politique-etrangere","24":"tag-proces","25":"tag-republique-federale-dallemagne"},"share_on_mastodon":{"url":"https:\/\/pubeurope.com\/@fr\/114579517382722459","error":""},"_links":{"self":[{"href":"https:\/\/www.europesays.com\/fr\/wp-json\/wp\/v2\/posts\/131633","targetHints":{"allow":["GET"]}}],"collection":[{"href":"https:\/\/www.europesays.com\/fr\/wp-json\/wp\/v2\/posts"}],"about":[{"href":"https:\/\/www.europesays.com\/fr\/wp-json\/wp\/v2\/types\/post"}],"author":[{"embeddable":true,"href":"https:\/\/www.europesays.com\/fr\/wp-json\/wp\/v2\/users\/2"}],"replies":[{"embeddable":true,"href":"https:\/\/www.europesays.com\/fr\/wp-json\/wp\/v2\/comments?post=131633"}],"version-history":[{"count":0,"href":"https:\/\/www.europesays.com\/fr\/wp-json\/wp\/v2\/posts\/131633\/revisions"}],"wp:featuredmedia":[{"embeddable":true,"href":"https:\/\/www.europesays.com\/fr\/wp-json\/wp\/v2\/media\/131634"}],"wp:attachment":[{"href":"https:\/\/www.europesays.com\/fr\/wp-json\/wp\/v2\/media?parent=131633"}],"wp:term":[{"taxonomy":"category","embeddable":true,"href":"https:\/\/www.europesays.com\/fr\/wp-json\/wp\/v2\/categories?post=131633"},{"taxonomy":"post_tag","embeddable":true,"href":"https:\/\/www.europesays.com\/fr\/wp-json\/wp\/v2\/tags?post=131633"}],"curies":[{"name":"wp","href":"https:\/\/api.w.org\/{rel}","templated":true}]}}