{"id":131635,"date":"2025-05-27T11:17:19","date_gmt":"2025-05-27T11:17:19","guid":{"rendered":"https:\/\/www.europesays.com\/fr\/131635\/"},"modified":"2025-05-27T11:17:19","modified_gmt":"2025-05-27T11:17:19","slug":"leurope-na-plus-besoin-de-tesla-pour-vendre-des-voitures-electriques","status":"publish","type":"post","link":"https:\/\/www.europesays.com\/fr\/131635\/","title":{"rendered":"L\u2019Europe n&rsquo;a plus besoin de Tesla pour vendre des voitures \u00e9lectriques"},"content":{"rendered":"<p>Dans un march\u00e9 automobile europ\u00e9en en mauvaise forme, la part de la voiture \u00e9lectrique a augment\u00e9 en Europe par rapport \u00e0 2024, y compris dans plusieurs pays r\u00e9ticents \u00e0 l\u2019\u00e9lectrique.<\/p>\n<p>M\u00eame si l\u2019on reste loin des objectifs europ\u00e9ens en mati\u00e8re de transition \u00e9cologique, la part des<a href=\"https:\/\/www.numerama.com\/vroom\/599805-voitures-electriques-tous-les-modeles-disponibles-en-france-en-2020.html\" data-type=\"post\" data-id=\"599805\" target=\"_blank\" rel=\"noopener\"> voitures \u00e9lectriques<\/a> progresse dans la quasi-totalit\u00e9 des pays membres. Selon les <a href=\"https:\/\/www.acea.auto\/pc-registrations\/new-car-registrations-1-2-in-april-2025-year-to-date-battery-electric-15-3-market-share\/\" target=\"_blank\" rel=\"noreferrer noopener\">derni\u00e8res statistiques publi\u00e9es par l\u2019ACEA<\/a>, elles atteignent 15,3 % de parts de march\u00e9 sur les quatre premiers mois de 2025, contre 12 % \u00e0 la m\u00eame p\u00e9riode en 2024.<\/p>\n<p>La <a href=\"https:\/\/www.numerama.com\/vroom\/1977157-tesla-relegue-hors-du-top-10-des-marques-de-voitures-electriques-en-europe-qui-en-profite.html\" data-type=\"post\" data-id=\"1977157\" target=\"_blank\" rel=\"noopener\">baisse des ventes Tesla n\u2019a pas frein\u00e9<\/a> la mont\u00e9e de l\u2019\u00e9lectrique en Europe. D\u2019autres marques ont pris le relais pour s\u00e9duire les acheteurs, permettant \u00e0 la tendance de rester positive, y compris dans des march\u00e9s <a href=\"https:\/\/www.numerama.com\/vroom\/1548464-ces-10-pays-deurope-les-plus-refractaires-a-la-voiture-electrique.html\" data-type=\"post\" data-id=\"1548464\" target=\"_blank\" rel=\"noopener\">historiquement frileux comme l\u2019Italie ou l\u2019Espagne<\/a>.<\/p>\n<p><a href=\"https:\/\/www.numerama.com\/wp-content\/uploads\/2025\/01\/design-sans-titre3.jpg\" target=\"_blank\" rel=\"noopener\"><img decoding=\"async\" width=\"1024\" height=\"576\" loading=\"lazy\" alt=\"Voiture \u00e9lectrique en europe \/\/ Source : Canva\" title=\"Voiture \u00e9lectrique en europe \/\/ Source : Canva\" class=\"wp-image-1896128 placeholder-default wp-image\" src=\"https:\/\/www.europesays.com\/fr\/wp-content\/uploads\/2025\/05\/design-sans-titre3-1024x576.jpg\" \/><\/a>Voiture \u00e9lectrique en europe \/\/ Source : Canva<\/p>\n<p>Seulement 4 pays en recul sur l\u2019\u00e9lectrique<\/p>\n<p>Sur ce d\u00e9but d\u2019ann\u00e9e 2025, il va beaucoup plus vite de lister les pays o\u00f9 la voiture est en recul. C\u2019est le cas de la France qui affiche un \u2013 4,4% par rapport \u00e0 2024. Une baisse s\u2019expliquant par <a href=\"https:\/\/www.numerama.com\/vroom\/1963283-renault-a-remplace-tesla-comme-locomotive-des-voitures-electriques-en-france.html\" target=\"_blank\" rel=\"noopener\">les effets du leasing social sur les premiers mois de l\u2019ann\u00e9e derni\u00e8re<\/a>, qui faussent le r\u00e9sultat en 2025. En France, alors que l\u2019on pouvait craindre un ralentissement plus marqu\u00e9, le march\u00e9 de la voiture \u00e9lectrique r\u00e9siste plut\u00f4t bien.<\/p>\n<p>L\u2019Estonie a perdu une centaine d\u2019immatriculations de voitures \u00e9lectriques en 2025 par rapport \u00e0 2024, soit 25 % de baisse pour ce petit march\u00e9 de quelques milliers d\u2019unit\u00e9s. Malte conna\u00eet une situation similaire, avec une baisse de 52 % des immatriculations d\u2019\u00e9lectriques, ce qui repr\u00e9sente quelques centaines de v\u00e9hicules en moins depuis le d\u00e9but d\u2019ann\u00e9e. Enfin, la Roumanie affiche aussi une chute de 42 % pour l\u2019\u00e9lectrique. Comme beaucoup de pays de l\u2019Est, l\u2019adoption des v\u00e9hicules \u00e9lectriques est plus compliqu\u00e9e.<\/p>\n<p><a href=\"https:\/\/www.numerama.com\/wp-content\/uploads\/2025\/03\/vw-id4gtx-neige.jpg\" target=\"_blank\" rel=\"noopener\"><img decoding=\"async\" width=\"1024\" height=\"576\" loading=\"lazy\" alt=\"Volkswagen ID.4 GTX \/\/ Source : Volkswagen \" title=\"Volkswagen ID.4 GTX \/\/ Source : Volkswagen \" class=\"wp-image-1934719 placeholder-default wp-image\" src=\"https:\/\/www.europesays.com\/fr\/wp-content\/uploads\/2025\/05\/vw-id4gtx-neige-1024x576.jpg\" \/><\/a>Volkswagen ID.4 est en route pour rattraper Model Y en t\u00eate du classement europ\u00e9en \/\/ Source : Volkswagen <\/p>\n<p>23 pays europ\u00e9ens dans le vert pour l\u2019\u00e9lectrique<\/p>\n<p>Parmi les 23 pays de l\u2019UE en croissance, certains partent de plus loin que d\u2019autres\u00a0: la R\u00e9publique Tch\u00e8que affiche + 131% par rapport \u00e0 2024, mais la part de l\u2019\u00e9lectrique autour de 5 % \u00a0est encore faible.<\/p>\n<p>L\u2019Italie, qui fait partie des gros march\u00e9s automobiles europ\u00e9ens encore r\u00e9fractaires \u00e0 l\u2019\u00e9lectrique, affiche une belle hausse avec 79,4 % de v\u00e9hicules \u00e9lectriques en plus sur la p\u00e9riode par rapport \u00e0 2024. L\u2019Espagne pr\u00e9sente \u00e9galement une belle augmentation avec un peu plus de 71 %. Mais les deux pays restent en retard sur leurs voisins.<\/p>\n<p>Le Danemark est le pays leader de l\u2019\u00e9lectrique dans l\u2019Union europ\u00e9enne avec une part de march\u00e9 de 64,9 %. Les ventes de v\u00e9hicules neufs \u00e9lectriques y ont augment\u00e9 de 56,8 % par rapport \u00e0 2024.<\/p>\n<tr><strong>Pays<\/strong>Part de march\u00e9 \u00e9lectrique (BEV) 2025Variation 2025 vs 2024<\/tr>\n<tr>\n<td><strong>Allemagne<\/strong><\/td>\n<td>17,5 %<\/td>\n<td>+42,8 %<\/td>\n<\/tr>\n<tr>\n<td><strong>Autriche<\/strong><\/td>\n<td>21,9 %<\/td>\n<td>+41,6 %<\/td>\n<\/tr>\n<tr>\n<td><strong>Belgique<\/strong><\/td>\n<td>33,3 %<\/td>\n<td>+31,3 %<\/td>\n<\/tr>\n<tr>\n<td><strong>Bulgarie<\/strong><\/td>\n<td>4,1 %<\/td>\n<td>+19,2 %<\/td>\n<\/tr>\n<tr>\n<td><strong>Chypre<\/strong><\/td>\n<td>8,1 %<\/td>\n<td>+14,8 %<\/td>\n<\/tr>\n<tr>\n<td><strong>Croatie<\/strong><\/td>\n<td>1,1 %<\/td>\n<td>+15,3 %<\/td>\n<\/tr>\n<tr>\n<td><strong>Danemark<\/strong><\/td>\n<td>64,9 %<\/td>\n<td>+56,8 %<\/td>\n<\/tr>\n<tr>\n<td><strong>Espagne<\/strong><\/td>\n<td>6,9 %<\/td>\n<td>+71,2 %<\/td>\n<\/tr>\n<tr>\n<td><strong>Estonie<\/strong><\/td>\n<td>9,3 %<\/td>\n<td>-25,8 %<\/td>\n<\/tr>\n<tr>\n<td><strong>Finlande<\/strong><\/td>\n<td>34,6 %<\/td>\n<td>+23,2 %<\/td>\n<\/tr>\n<tr>\n<td><strong>France<\/strong><\/td>\n<td>18,2 %<\/td>\n<td>-4,4 %<\/td>\n<\/tr>\n<tr>\n<td><strong>Gr\u00e8ce<\/strong><\/td>\n<td>5,5 %<\/td>\n<td>+21,3 %<\/td>\n<\/tr>\n<tr>\n<td><strong>Hongrie<\/strong><\/td>\n<td>7,1 %<\/td>\n<td>+3,5 %<\/td>\n<\/tr>\n<tr>\n<td><strong>Irlande<\/strong><\/td>\n<td>15,4 %<\/td>\n<td>+25,4 %<\/td>\n<\/tr>\n<tr>\n<td><strong>Italie<\/strong><\/td>\n<td>5,1 %<\/td>\n<td>+79,4 %<\/td>\n<\/tr>\n<tr>\n<td><strong>Lettonie<\/strong><\/td>\n<td>6,3 %<\/td>\n<td>+18,5 %<\/td>\n<\/tr>\n<tr>\n<td><strong>Lituanie<\/strong><\/td>\n<td>5,4 %<\/td>\n<td>+23,3 %<\/td>\n<\/tr>\n<tr>\n<td><strong>Luxembourg<\/strong><\/td>\n<td>27,8 %<\/td>\n<td>+12,2 %<\/td>\n<\/tr>\n<tr>\n<td><strong>Malte<\/strong><\/td>\n<td>27,6 %<\/td>\n<td>-52,7 %<\/td>\n<\/tr>\n<tr>\n<td><strong>Pays-Bas<\/strong><\/td>\n<td>35,1 %<\/td>\n<td>+6,4 %<\/td>\n<\/tr>\n<tr>\n<td><strong>Pologne<\/strong><\/td>\n<td>4,0 %<\/td>\n<td>+40,4 %<\/td>\n<\/tr>\n<tr>\n<td><strong>Portugal<\/strong><\/td>\n<td>20,6 %<\/td>\n<td>+29,8 %<\/td>\n<\/tr>\n<tr>\n<td><strong>R\u00e9publique tch\u00e8que<\/strong><\/td>\n<td>5,4 %<\/td>\n<td>+131,4 %<\/td>\n<\/tr>\n<tr>\n<td><strong>Roumanie<\/strong><\/td>\n<td>5,4 %<\/td>\n<td>-42,4 %<\/td>\n<\/tr>\n<tr>\n<td><strong>Slovaquie<\/strong><\/td>\n<td>4,0 %<\/td>\n<td>+39,0 %<\/td>\n<\/tr>\n<tr>\n<td><strong>Slov\u00e9nie<\/strong><\/td>\n<td>8,5 %<\/td>\n<td>+48,0 %<\/td>\n<\/tr>\n<tr>\n<td><strong>Su\u00e8de<\/strong><\/td>\n<td>33,6 %<\/td>\n<td>+16,6 %<\/td>\n<\/tr>\n<tr>\n<td><strong>Union europ\u00e9enne (UE)<\/strong><\/td>\n<td>15,3 %<\/td>\n<td>+26,4 %<\/td>\n<\/tr>\n<p>La Norv\u00e8ge continue de servir de mod\u00e8le en mati\u00e8re de transition vers la voiture \u00e9lectrique dans les pays voisins de l\u2019UE. Cependant, le Royaume-Uni et l\u2019Islande sont \u00e9galement des pays dans une bonne dynamique sur la voiture \u00e9lectrique\u00a0:<\/p>\n<tr>Pays<br \/>Part de march\u00e9 \u00e9lectrique (BEV) 2025Variation 2025 vs 2024<\/tr>\n<tr>\n<td>Norv\u00e8ge<\/td>\n<td>92,2 %<\/td>\n<td>+34,0 %<\/td>\n<\/tr>\n<tr>\n<td>Islande<\/td>\n<td>34,7 %<\/td>\n<td>+121,5 %<\/td>\n<\/tr>\n<tr>\n<td>Suisse<\/td>\n<td>19,9 %<\/td>\n<td>+4,5 %<\/td>\n<\/tr>\n<tr>\n<td>Royaume-Uni<\/td>\n<td>20,7 %<\/td>\n<td>+35,2 %<\/td>\n<\/tr>\n<p>Le grand \u00e9cart entre les leaders de l\u2019\u00e9lectrique et les derniers<\/p>\n<p>Les \u00e9carts restent frappants entre les pays europ\u00e9ens en mati\u00e8re d\u2019adoption du v\u00e9hicule \u00e9lectrique, comme le montre le graphique ci-dessous :<\/p>\n<p><a href=\"https:\/\/www.numerama.com\/wp-content\/uploads\/2025\/05\/part-marche-ve-ue-jan-avril2025-2.jpg\" target=\"_blank\" rel=\"noopener\"><img decoding=\"async\" width=\"1024\" height=\"576\" loading=\"lazy\" alt=\"Part de march\u00e9 des VE en Europe de janvier \u00e0 avril 2025 \/\/ Source : Raphaelle Baut - source des donn\u00e9es : ACEA\" title=\"Part de march\u00e9 des VE en Europe de janvier \u00e0 avril 2025 \/\/ Source : Raphaelle Baut - source des donn\u00e9es : ACEA\" class=\"wp-image-1978787 placeholder-default wp-image\" src=\"https:\/\/www.europesays.com\/fr\/wp-content\/uploads\/2025\/05\/part-marche-ve-ue-jan-avril2025-2-1024x576.jpg\" \/><\/a>Part de march\u00e9 des VE en Europe de janvier \u00e0 avril 2025 \/\/ Source : <a target=\"_blank\" href=\"https:\/\/www.acea.auto\/pc-registrations\/new-car-registrations-1-2-in-april-2025-year-to-date-battery-electric-15-3-market-share\/\" rel=\"noopener\">Raphaelle Baut \u2013 source des donn\u00e9es : ACEA<\/a><\/p>\n<p>La route est encore longue pour arriver aux objectifs fix\u00e9s par l\u2019Union europ\u00e9enne.<\/p>\n<p class=\"newsletter-headline\">Newsletter <strong style=\"color: #00d195\">Watt Else<\/strong>\n                    <\/p>\n<p class=\"newsletter-title js-newsletter-title\">Vous souhaitez recevoir la newsletter<br \/>\n                        <strong>Watt Else<\/strong> dans votre bo\u00eete mail ?<\/p>\n<p>\n                    Les donn\u00e9es transmises par le biais de ce formulaire sont destin\u00e9es<br \/>\n                    \u00e0 PressTiC Numerama, en sa qualit\u00e9 de responsable de traitement. Ces donn\u00e9es<br \/>\n                    sont trait\u00e9es avec votre consentement aux fins de vous envoyer par e-mail des actualit\u00e9s et<br \/>\n                    informations relatives aux contenus \u00e9ditoriaux publi\u00e9s sur ce site. Vous pouvez vous opposer \u00e0 tout<br \/>\n                    moment \u00e0 ces e-mails en cliquant sur les liens de d\u00e9sinscriptions pr\u00e9sents dans chacun d\u2019eux. Pour<br \/>\n                    plus d\u2019informations, vous pouvez consulter l\u2019int\u00e9gralit\u00e9 de notre <a href=\"https:\/\/www.numerama.com\/politique-donnees-personnelles\" target=\"_blank\" rel=\"noopener\">politique de traitement de vos<br \/>\n                        donn\u00e9es<br \/>\n                        personnelles<\/a>.\n                <\/p>\n<p>\n                    Vous disposez d\u2019un droit d\u2019acc\u00e8s, de rectification, d\u2019effacement, de limitation, de portabilit\u00e9 et<br \/>\n                    d\u2019opposition pour motif l\u00e9gitime aux donn\u00e9es personnelles vous concernant. Pour exercer l\u2019un de ces<br \/>\n                    droits, merci d\u2019effectuer votre demande via notre <a href=\"http:\/\/www.numerama.com\/contact#rgpd\" target=\"_blank\" rel=\"noopener\">formulaire de demandes d\u2019exercices de<br \/>\n                        droits<br \/>\n                        d\u00e9di\u00e9<\/a>.\n                <\/p>\n<p>            <img decoding=\"async\" src=\"https:\/\/www.europesays.com\/fr\/wp-content\/uploads\/2025\/04\/iPhone-16-pro.png\" alt=\"Toute l'actu tech en un clien d'oeil\"\/><\/p>\n<p class=\"card-install-pwa__title\">Toute l&rsquo;actu tech en un clin d&rsquo;\u0153il<\/p>\n<p class=\"card-install-pwa__description\">Ajoutez Numerama \u00e0 votre \u00e9cran d&rsquo;accueil et restez connect\u00e9s au futur !<\/p>\n<p>            <img decoding=\"async\" src=\"https:\/\/www.europesays.com\/fr\/wp-content\/uploads\/2025\/04\/logo-card-pwa-coupe.svg.svg+xml\" alt=\"Logo PWA\"\/><\/p>\n<p>       Installer Numerama<\/p>\n","protected":false},"excerpt":{"rendered":"Dans un march\u00e9 automobile europ\u00e9en en mauvaise forme, la part de la voiture \u00e9lectrique a augment\u00e9 en Europe&hellip;\n","protected":false},"author":2,"featured_media":131636,"comment_status":"","ping_status":"","sticky":false,"template":"","format":"standard","meta":{"footnotes":""},"categories":[1586],"tags":[11,1777,674,1011,27,17495,25589,12,25],"class_list":{"0":"post-131635","1":"post","2":"type-post","3":"status-publish","4":"format-standard","5":"has-post-thumbnail","7":"category-europe","8":"tag-actualites","9":"tag-eu","10":"tag-europe","11":"tag-fr","12":"tag-france","13":"tag-immatriculations","14":"tag-marche-automobile","15":"tag-news","16":"tag-republique-francaise"},"share_on_mastodon":{"url":"https:\/\/pubeurope.com\/@fr\/114579521358287863","error":""},"_links":{"self":[{"href":"https:\/\/www.europesays.com\/fr\/wp-json\/wp\/v2\/posts\/131635","targetHints":{"allow":["GET"]}}],"collection":[{"href":"https:\/\/www.europesays.com\/fr\/wp-json\/wp\/v2\/posts"}],"about":[{"href":"https:\/\/www.europesays.com\/fr\/wp-json\/wp\/v2\/types\/post"}],"author":[{"embeddable":true,"href":"https:\/\/www.europesays.com\/fr\/wp-json\/wp\/v2\/users\/2"}],"replies":[{"embeddable":true,"href":"https:\/\/www.europesays.com\/fr\/wp-json\/wp\/v2\/comments?post=131635"}],"version-history":[{"count":0,"href":"https:\/\/www.europesays.com\/fr\/wp-json\/wp\/v2\/posts\/131635\/revisions"}],"wp:featuredmedia":[{"embeddable":true,"href":"https:\/\/www.europesays.com\/fr\/wp-json\/wp\/v2\/media\/131636"}],"wp:attachment":[{"href":"https:\/\/www.europesays.com\/fr\/wp-json\/wp\/v2\/media?parent=131635"}],"wp:term":[{"taxonomy":"category","embeddable":true,"href":"https:\/\/www.europesays.com\/fr\/wp-json\/wp\/v2\/categories?post=131635"},{"taxonomy":"post_tag","embeddable":true,"href":"https:\/\/www.europesays.com\/fr\/wp-json\/wp\/v2\/tags?post=131635"}],"curies":[{"name":"wp","href":"https:\/\/api.w.org\/{rel}","templated":true}]}}