{"id":131639,"date":"2025-05-27T11:19:11","date_gmt":"2025-05-27T11:19:11","guid":{"rendered":"https:\/\/www.europesays.com\/fr\/131639\/"},"modified":"2025-05-27T11:19:11","modified_gmt":"2025-05-27T11:19:11","slug":"cinq-joueurs-forfaits-mathis-abline-appele","status":"publish","type":"post","link":"https:\/\/www.europesays.com\/fr\/131639\/","title":{"rendered":"Cinq joueurs forfaits, Mathis Abline appel\u00e9"},"content":{"rendered":"<p>                                                              <img data-twic-src=\"https:\/\/www.europesays.com\/fr\/wp-content\/uploads\/2025\/05\/d5ae3444e07be739e3789d0164b9c1b0.jpeg\" data-credit=\"Pauline CARR\u00c9 \/ APL \/ FFF\" title=\"Pauline CARR\u00c9 \/ APL \/ FFF\" alt=\"G\u00e9rald Baticle\" class=\"block\"\/>                                        <\/p>\n<p style=\"font-weight: bold\">L&rsquo;attaquant du FC Nantes, Matthis Abline, a \u00e9t\u00e9 appel\u00e9 par G\u00e9rald Baticle, le s\u00e9lectionneur des Bleuets, apr\u00e8s le forfait de cinq joueurs.<\/p>\n<p>R\u00e9unie ce lundi \u00e0 Clairefontaine, l\u2019\u00c9quipe de France Espoirs a d\u00fb enregistrer les forfaits de cinq joueurs par rapport \u00e0 la liste d\u00e9voil\u00e9e par G\u00e9rald Baticle, <a href=\"https:\/\/www.fff.fr\/article\/14748-la-liste-de-gerald-baticle.html\" target=\"_blank\" rel=\"noopener\">le mercredi 21 mai dernier.<\/a><\/p>\n<p>Ayyoub Bouaddi (LOSC Lille), Eli Junior Kroupi (FC Lorient), J\u00e9r\u00e9my Jacquet et Arnaud Kalimuendo (Stade Rennais) n\u2019ont pas \u00e9t\u00e9 lib\u00e9r\u00e9s par leur club, et ne pourront donc pas participer \u00e0 l\u2019Euro en Slovaquie (du 11 au 28 juin 2025).<\/p>\n<p>La liste des joueurs convoqu\u00e9s<a class=\"download-item__action\" href=\"https:\/\/media.fff.fr\/uploads\/files\/d4b92c29badbb0a37057f56d08ba5281.pdf\" target=\"_blank\" rel=\"noopener\"><img decoding=\"async\" class=\"icon\" src=\"https:\/\/www.europesays.com\/fr\/wp-content\/uploads\/2025\/05\/9cfbbaffb9328f9de181a176c25411e7.png\"\/><\/a><\/p>\n<p>Touch\u00e9 aux adducteurs lors de la derni\u00e8re journ\u00e9e de championnat avec son club, Dilane Bakwa (RC Strasbourg) est insuffisamment r\u00e9tabli pour pouvoir participer au stage de pr\u00e9paration et donc forfait pour l\u2019Euro.<\/p>\n<p>Le s\u00e9lectionneur G\u00e9rald Baticle a d\u00e9cid\u00e9 de convoquer l\u2019attaquant du FC Nantes, Matthis Abline, qui rejoindra le groupe ce mardi 27 mai, dans la soir\u00e9e, \u00e0 Clairefontaine.<\/p>\n<p style=\"text-align: center;\"><strong><a href=\"https:\/\/www.fff.fr\/selection\/4-equipe-de-france-espoirs\/index.html\" target=\"_blank\" rel=\"noopener\">L&rsquo;\u00c9quipe de France Espoirs sur FFF.FR<\/a><\/strong><\/p>\n<p>R\u00e9sultats et calendrier<\/p>\n<p><strong>Jou\u00e9s\u00a0<\/strong><\/p>\n<p><strong>Agenda<\/strong><\/p>\n<ul>\n<li class=\"light\">Mercredi 4 juin 2025 (amical) : <strong>France<\/strong>-Ouzb\u00e9kistan (18h45, Orl\u00e9ans, L&rsquo;\u00c9quipe)<\/li>\n<li class=\"light\">Mercredi 11 juin 2025 (UEFA Euro 2025, 1er tour) : Portugal-<strong>France<\/strong> (21h00, Trencin)<\/li>\n<li class=\"light\">Samedi 14 juin 2025 (UEFA Euro 2025, 1er tour) : <strong>France<\/strong>-G\u00e9orgie (21h00, Zilina)<\/li>\n<li class=\"light\">Mardi 17 juin 2025 (UEFA Euro 2025, 1er tour) : <strong>France-<\/strong>Pologne (18h00, Zilina)<\/li>\n<\/ul>\n","protected":false},"excerpt":{"rendered":"L&rsquo;attaquant du FC Nantes, Matthis Abline, a \u00e9t\u00e9 appel\u00e9 par G\u00e9rald Baticle, le s\u00e9lectionneur des Bleuets, apr\u00e8s le&hellip;\n","protected":false},"author":2,"featured_media":131640,"comment_status":"","ping_status":"","sticky":false,"template":"","format":"standard","meta":{"footnotes":""},"categories":[2],"tags":[11,85,1011,27,12,25],"class_list":{"0":"post-131639","1":"post","2":"type-post","3":"status-publish","4":"format-standard","5":"has-post-thumbnail","7":"category-actualites","8":"tag-actualites","9":"tag-fff","10":"tag-fr","11":"tag-france","12":"tag-news","13":"tag-republique-francaise"},"share_on_mastodon":{"url":"https:\/\/pubeurope.com\/@fr\/114579529062698023","error":""},"_links":{"self":[{"href":"https:\/\/www.europesays.com\/fr\/wp-json\/wp\/v2\/posts\/131639","targetHints":{"allow":["GET"]}}],"collection":[{"href":"https:\/\/www.europesays.com\/fr\/wp-json\/wp\/v2\/posts"}],"about":[{"href":"https:\/\/www.europesays.com\/fr\/wp-json\/wp\/v2\/types\/post"}],"author":[{"embeddable":true,"href":"https:\/\/www.europesays.com\/fr\/wp-json\/wp\/v2\/users\/2"}],"replies":[{"embeddable":true,"href":"https:\/\/www.europesays.com\/fr\/wp-json\/wp\/v2\/comments?post=131639"}],"version-history":[{"count":0,"href":"https:\/\/www.europesays.com\/fr\/wp-json\/wp\/v2\/posts\/131639\/revisions"}],"wp:featuredmedia":[{"embeddable":true,"href":"https:\/\/www.europesays.com\/fr\/wp-json\/wp\/v2\/media\/131640"}],"wp:attachment":[{"href":"https:\/\/www.europesays.com\/fr\/wp-json\/wp\/v2\/media?parent=131639"}],"wp:term":[{"taxonomy":"category","embeddable":true,"href":"https:\/\/www.europesays.com\/fr\/wp-json\/wp\/v2\/categories?post=131639"},{"taxonomy":"post_tag","embeddable":true,"href":"https:\/\/www.europesays.com\/fr\/wp-json\/wp\/v2\/tags?post=131639"}],"curies":[{"name":"wp","href":"https:\/\/api.w.org\/{rel}","templated":true}]}}