{"id":131641,"date":"2025-05-27T11:20:16","date_gmt":"2025-05-27T11:20:16","guid":{"rendered":"https:\/\/www.europesays.com\/fr\/131641\/"},"modified":"2025-05-27T11:20:16","modified_gmt":"2025-05-27T11:20:16","slug":"girondins-daniel-riolo-oliver-kahn-est-ultra-motive-et-le-demontre","status":"publish","type":"post","link":"https:\/\/www.europesays.com\/fr\/131641\/","title":{"rendered":"Girondins. Daniel Riolo : \u00ab\u00a0Oliver Kahn est ultra motiv\u00e9 et le d\u00e9montre\u00a0\u00bb"},"content":{"rendered":"<p>\n    27\/05 &#8211; 09:04 | Il y a<br \/>\n    4 heures\n  <\/p>\n<p><strong>Alors que les Girondins de Bordeaux traversent une crise financi\u00e8re, Oliver Kahn, l\u00e9gende du football, se positionne comme un repreneur ultra-motiv\u00e9. Daniel Riolo, dans l\u2019After Foot, r\u00e9v\u00e8le les dessous de cette bataille entre Kahn et G\u00e9rard Lopez, toujours accroch\u00e9 au club. Entre pression de la DNCG, soutien des ultras et incertitude financi\u00e8re, Bordeaux vit un tournant d\u00e9cisif.<\/strong><\/p>\n<p><img decoding=\"async\" src=\"https:\/\/www.europesays.com\/fr\/wp-content\/uploads\/2025\/05\/671_dd7e7b82af835438fd42ea169343e39e.jpg\" alt=\"Girondins. Daniel Riolo : &quot;Oliver Kahn est ultra motiv\u00e9 et le d\u00e9montre&quot;\" class=\"img-responsive mt-3\"\/><\/p>\n<p class=\"text-center mb-3\" style=\"font-size: 14px\">\u00a9 Iconsport<\/p>\n<p>      <strong>\u00ab\u00a0G\u00e9rard Lopez a rencontr\u00e9 Philippe Diallo\u00a0\u00bb<\/strong><\/p>\n<p style=\"text-align: justify;\">\u00a0<\/p>\n<p style=\"text-align: justify;\">Daniel Riolo dans l&rsquo;After Foot : \u00ab\u00a0Oliver Kahn est des investisseurs qui sont Suisses. Il n\u2019y a qu&rsquo;une d\u00e9cision de justice qui peut enlever le club \u00e0 G\u00e9rard Lopez. Lui ne veut pas partir, il est accroch\u00e9 et menott\u00e9 au radiateur comme un forcen\u00e9 et il ne veut pas l\u00e2cher. Est-ce qu\u2019&rsquo;il va r\u00e9ussir encore \u00e0 embobiner les gens\u2009? Il propose un remboursement sur 10 ans aux cr\u00e9anciers. Est-ce qu&rsquo;ils vont encore accepter \u00e7a ? Il faut ajouter qu&rsquo;il va y avoir aussi le passage devant la DNCG dans la foul\u00e9e. Si elle prononce une nouvelle r\u00e9trogradation parce qu&rsquo;il n&rsquo;y a pas l\u2019argent, ce qui peut arriver. G\u00e9rard Lopez a rencontr\u00e9 Philippe Diallo il y a deux semaines pour le convaincre de ne pas jouer l\u00e0-dessus. <\/p>\n<p style=\"text-align: justify;\">Il fait son camelot comme d&rsquo;habitude, et je ne suis pas s\u00fbr qu&rsquo;il ait r\u00e9ussi \u00e0 le convaincre. Il va y avoir la crainte du passage devant la DNCG. Le mieux pour Bordeaux est qu&rsquo;on en termine. On a un investisseur ultra motiv\u00e9 qui veut reprendre le club et qui le d\u00e9montre. Une star du foot a un envers d&rsquo;un projet dans le foot. Son storytelling dira que c&rsquo;est en 1996 que Bordeaux lui a tap\u00e9 dans l&rsquo;\u0153il. \u00c7a peut donner une porte de sortie \u00e0 Lopez qui a toujours le soutien du principal groupe Ultra \u00e0 Bordeaux. La grande folie est l\u00e0.\u00a0\u00bb<\/p>\n<p style=\"text-align: justify;\">\u00a0<\/p>\n<p>\u00c0 lire &gt;&gt;\u00a0<strong><a href=\"https:\/\/www.webgirondins.com\/actualite-girondins-girondins-oliver-kahn-a-depose-un-dossier-de-plan-de-cession-pour-bordeaux-129221\" target=\"_blank\" rel=\"noopener\">Oliver Kahn a d\u00e9pos\u00e9 un dossier de plan de cession pour Bordeaux<\/a><\/strong><\/p>\n<p>Notre podcast court :<\/p>\n<p>\u00a0<\/p>\n<p>  COMMENTAIRES<br \/>\n  ()<\/p>\n","protected":false},"excerpt":{"rendered":"27\/05 &#8211; 09:04 | Il y a 4 heures Alors que les Girondins de Bordeaux traversent une crise&hellip;\n","protected":false},"author":2,"featured_media":131642,"comment_status":"","ping_status":"","sticky":false,"template":"","format":"standard","meta":{"footnotes":""},"categories":[2],"tags":[11,3683,1997,1993,352,13432,25592,4666,63,1011,27,1987,4654,13878,25591,12,4653,25594,25595,25,22934,25593,25590],"class_list":{"0":"post-131641","1":"post","2":"type-post","3":"status-publish","4":"format-standard","5":"has-post-thumbnail","7":"category-actualites","8":"tag-actualites","9":"tag-alors","10":"tag-bordeaux","11":"tag-comme","12":"tag-crise","13":"tag-daniel","14":"tag-demontre","15":"tag-financiere","16":"tag-football","17":"tag-fr","18":"tag-france","19":"tag-girondins","20":"tag-kahn","21":"tag-legende","22":"tag-motive","23":"tag-news","24":"tag-oliver","25":"tag-positionne","26":"tag-repreneur","27":"tag-republique-francaise","28":"tag-riolo","29":"tag-traversent","30":"tag-ultra"},"share_on_mastodon":{"url":"https:\/\/pubeurope.com\/@fr\/114579532979243434","error":""},"_links":{"self":[{"href":"https:\/\/www.europesays.com\/fr\/wp-json\/wp\/v2\/posts\/131641","targetHints":{"allow":["GET"]}}],"collection":[{"href":"https:\/\/www.europesays.com\/fr\/wp-json\/wp\/v2\/posts"}],"about":[{"href":"https:\/\/www.europesays.com\/fr\/wp-json\/wp\/v2\/types\/post"}],"author":[{"embeddable":true,"href":"https:\/\/www.europesays.com\/fr\/wp-json\/wp\/v2\/users\/2"}],"replies":[{"embeddable":true,"href":"https:\/\/www.europesays.com\/fr\/wp-json\/wp\/v2\/comments?post=131641"}],"version-history":[{"count":0,"href":"https:\/\/www.europesays.com\/fr\/wp-json\/wp\/v2\/posts\/131641\/revisions"}],"wp:featuredmedia":[{"embeddable":true,"href":"https:\/\/www.europesays.com\/fr\/wp-json\/wp\/v2\/media\/131642"}],"wp:attachment":[{"href":"https:\/\/www.europesays.com\/fr\/wp-json\/wp\/v2\/media?parent=131641"}],"wp:term":[{"taxonomy":"category","embeddable":true,"href":"https:\/\/www.europesays.com\/fr\/wp-json\/wp\/v2\/categories?post=131641"},{"taxonomy":"post_tag","embeddable":true,"href":"https:\/\/www.europesays.com\/fr\/wp-json\/wp\/v2\/tags?post=131641"}],"curies":[{"name":"wp","href":"https:\/\/api.w.org\/{rel}","templated":true}]}}