{"id":131645,"date":"2025-05-27T11:24:08","date_gmt":"2025-05-27T11:24:08","guid":{"rendered":"https:\/\/www.europesays.com\/fr\/131645\/"},"modified":"2025-05-27T11:24:08","modified_gmt":"2025-05-27T11:24:08","slug":"pourquoi-lex-international-de-rugby-francois-trinh-duc-est-aux-cotes-du-president-emmanuel-macron","status":"publish","type":"post","link":"https:\/\/www.europesays.com\/fr\/131645\/","title":{"rendered":"Pourquoi l&rsquo;ex-international de rugby Fran\u00e7ois Trinh-Duc est aux c\u00f4t\u00e9s du pr\u00e9sident Emmanuel Macron"},"content":{"rendered":"<p>            Par<br \/>\n        <strong><br \/>\n            <a href=\"https:\/\/actu.fr\/auteur\/clement-mazella\" title=\"Consulter tous les articles de Cl\u00e9ment Mazella\" target=\"_blank\" rel=\"noopener\">Cl\u00e9ment Mazella<\/a><br \/>\n        <\/strong><\/p>\n<p>        Publi\u00e9 le<\/p>\n<p>            27 mai 2025 \u00e0 12h06        <\/p>\n<p><strong>Fran\u00e7ois Trinh-Duc<\/strong>, 66 s\u00e9lections avec le <a href=\"https:\/\/actu.fr\/rugby\/xv-de-france\" target=\"_blank\" rel=\"noopener\">XV de France<\/a> et retir\u00e9 des terrains depuis l\u2019\u00e9t\u00e9 2022, figure actuellement aux c\u00f4t\u00e9s du pr\u00e9sident de la R\u00e9publique, <strong>Emmanuel Macron<\/strong>.<\/p>\n<p class=\" wall-content\">La raison ? L\u2019ancien rugbyman, pass\u00e9 par Montpellier, Toulon, le Racing 92 ou encore Bordeaux, fait partie de <a href=\"https:\/\/actu.fr\/societe\/emmanuel-macron-gifle-par-brigitte-devant-les-cameras-l-elysee-evoque-une-banale-chamaillerie_62685827.html\" target=\"_blank\" rel=\"noopener\">la d\u00e9l\u00e9gation du chef de l\u2019\u00c9tat<\/a> qui effectue actuellement une tourn\u00e9e en Asie du Sud-Est. Le p\u00e9riple a notamment commenc\u00e9 par une visite au <strong>Vietnam<\/strong>.<\/p>\n<p class=\" wall-content\"><a href=\"https:\/\/www.instagram.com\/p\/DKGse9NhsvG\/embed\" title=\"Ouvrir le lien sur Instagram\" target=\"_blank\" rel=\"noopener\">Visualiser le contenu sur Instagram<\/a><\/p>\n<p>Trinh-Duc \u0153uvre au Vietnam<\/p>\n<p class=\" wall-content\">Le Vietnam dont est originaire Fran\u00e7ois Trinh-Duc, et o\u00f9 l\u2019ancien rugbyman a d\u00e9velopp\u00e9 l\u2019association <strong>Rugby Cung Nhau<\/strong> (\u00ab\u00a0Rugby ensemble\u00a0\u00bb en vietnamien). Celle-ci vient en aide \u00e0 de jeunes orphelins\u00a0vietnamiens \u00e0 Saigon (H\u00f4 Chi Minh-Ville), comme FTD l\u2019avait expliqu\u00e9 \u00e0 Actu Rugby.<\/p>\n<p class=\" wall-content\">\u00ab\u00a0Nous avons mis en place un programme pour faire d\u00e9couvrir le rugby aux orphelins de 10 \u00e0 16 ans gar\u00e7ons et filles, tous les dimanches matins. Il y a des sourires, de la joie dans les yeux des enfants. Ils peuvent tomber, plaquer et courir avec le ballon. Il y a de l\u2019insouciance. On veut sortir ces gamins de leur quotidien. Le rugby aide et accompagne ces enfants \u00e0 sortir de la mis\u00e8re en les captivant\u00a0\u00bb, nous contait-il.<\/p>\n<p>Trinh-Duc pose avec Macron<\/p>\n<p class=\" wall-content\">Sur le r\u00e9seau social Instagram, Fran\u00e7ois Trinh-Duc a post\u00e9 des vid\u00e9os montrant son quotidien lors de ce voyage diplomatique, avec le d\u00e9collage depuis Paris ou encore l\u2019escale \u00e0 Duba\u00ef. Il a \u00e9galement publi\u00e9 une photo aux c\u00f4t\u00e9s du pr\u00e9sident Macron, les deux hommes tenant un maillot de l\u2019association Rugby Cung Nhau.<\/p>\n<p>Vid\u00e9os : en ce moment sur Actu<\/p>\n<p class=\" wall-content\"><a href=\"https:\/\/www.instagram.com\/p\/DKJQgf4BJsz\/embed\" title=\"Ouvrir le lien sur Instagram\" target=\"_blank\" rel=\"noopener\">Visualiser le contenu sur Instagram<\/a><\/p>\n<p class=\" wall-content\">Suivez toute l\u2019actualit\u00e9 de vos villes et m\u00e9dias favoris en vous inscrivant \u00e0 <a href=\"https:\/\/moncompte.actu.fr\" title=\"D\u00e9couvez Mon Actu\" rel=\"nofollow noopener\" data-trk=\"{&quot;cta&quot;:{&quot;action&quot;:&quot;https:\\\/\\\/moncompte.actu.fr&quot;,&quot;category&quot;:&quot;mon compte&quot;,&quot;from&quot;:&quot;article footer&quot;,&quot;name&quot;:&quot;Mon actu&quot;,&quot;type&quot;:&quot;cta&quot;}}\" target=\"_blank\">Mon Actu<\/a>.<\/p>\n<p>                    <script async src=\"\/\/www.instagram.com\/embed.js\"><\/script><\/p>\n","protected":false},"excerpt":{"rendered":"Par Cl\u00e9ment Mazella Publi\u00e9 le 27 mai 2025 \u00e0 12h06 Fran\u00e7ois Trinh-Duc, 66 s\u00e9lections avec le XV de&hellip;\n","protected":false},"author":2,"featured_media":131646,"comment_status":"","ping_status":"","sticky":false,"template":"","format":"standard","meta":{"footnotes":""},"categories":[1416],"tags":[1073,1011,27,3788,479,1468,60],"class_list":{"0":"post-131645","1":"post","2":"type-post","3":"status-publish","4":"format-standard","5":"has-post-thumbnail","7":"category-rugby","8":"tag-emmanuel-macron","9":"tag-fr","10":"tag-france","11":"tag-pro","12":"tag-rugby","13":"tag-rugby-football","14":"tag-sports"},"share_on_mastodon":{"url":"https:\/\/pubeurope.com\/@fr\/114579548633564937","error":""},"_links":{"self":[{"href":"https:\/\/www.europesays.com\/fr\/wp-json\/wp\/v2\/posts\/131645","targetHints":{"allow":["GET"]}}],"collection":[{"href":"https:\/\/www.europesays.com\/fr\/wp-json\/wp\/v2\/posts"}],"about":[{"href":"https:\/\/www.europesays.com\/fr\/wp-json\/wp\/v2\/types\/post"}],"author":[{"embeddable":true,"href":"https:\/\/www.europesays.com\/fr\/wp-json\/wp\/v2\/users\/2"}],"replies":[{"embeddable":true,"href":"https:\/\/www.europesays.com\/fr\/wp-json\/wp\/v2\/comments?post=131645"}],"version-history":[{"count":0,"href":"https:\/\/www.europesays.com\/fr\/wp-json\/wp\/v2\/posts\/131645\/revisions"}],"wp:featuredmedia":[{"embeddable":true,"href":"https:\/\/www.europesays.com\/fr\/wp-json\/wp\/v2\/media\/131646"}],"wp:attachment":[{"href":"https:\/\/www.europesays.com\/fr\/wp-json\/wp\/v2\/media?parent=131645"}],"wp:term":[{"taxonomy":"category","embeddable":true,"href":"https:\/\/www.europesays.com\/fr\/wp-json\/wp\/v2\/categories?post=131645"},{"taxonomy":"post_tag","embeddable":true,"href":"https:\/\/www.europesays.com\/fr\/wp-json\/wp\/v2\/tags?post=131645"}],"curies":[{"name":"wp","href":"https:\/\/api.w.org\/{rel}","templated":true}]}}