{"id":131647,"date":"2025-05-27T11:25:08","date_gmt":"2025-05-27T11:25:08","guid":{"rendered":"https:\/\/www.europesays.com\/fr\/131647\/"},"modified":"2025-05-27T11:25:08","modified_gmt":"2025-05-27T11:25:08","slug":"roland-garros-avant-daffronter-swiatek-raducanu-fait-passer-un-message-le-tournoi-naide-pas-a-vous-ajuster","status":"publish","type":"post","link":"https:\/\/www.europesays.com\/fr\/131647\/","title":{"rendered":"Roland Garros > Avant d&rsquo;affronter Swiatek, Raducanu fait passer un message : \u00ab\u00a0Le tournoi n&rsquo;aide pas \u00e0 vous ajuster\u00a0\u00bb"},"content":{"rendered":"<p>Bien qu\u2019elle se soit quali\u00adfi\u00e9e pour le deuxi\u00e8me tour de Roland\u2010Garros, la frus\u00adtra\u00adtion d\u2019Emma Raducanu s\u2019est fait ressentir lors de sa conf\u00e9\u00adrence de presse.<\/p>\n<p>La Britannique n\u2019a pas eu l\u2019oc\u00adca\u00adsion de jouer autant qu\u2019elle le souhai\u00adtait sur des grands courts tels que le Philippe\u2010Chatrier, contrai\u00adre\u00adment aux courts annexes qu\u2019elle a un peu trop c\u00f4toy\u00e9 \u00e0 son go\u00fbt. Un d\u00e9sa\u00advan\u00adtage compar\u00e9 aux grandes joueuses, qui la g\u00eane quelque peu.<\/p>\n<p><strong>\u00ab\u202fJe pense que c\u2019est diffi\u00adcile parce que le tournoi n\u2019aide pas \u00e0 vous ajuster, pour vous entra\u00eener sur tous les courts. Certaines joueuses pr\u00e9f\u00e8rent une \u00e9galit\u00e9 de trai\u00adte\u00adment, c\u2019est diff\u00e9\u00adrent quand tu es sur les courts annexes, sur les autres courts et de passer ensuite au Philippe\u2010Chatrier ou \u00e0 un grand court. Ce n\u2019est pas chose ais\u00e9e. J\u2019aurais aim\u00e9 avoir plus l\u2019occasion de jouer sur des plus grands courts, surtout si on est amen\u00e9 \u00e0 jouer sur ces courts\u2010l\u00e0. Aujourd\u2019hui, c\u2019\u00e9tait sympa, c\u2019\u00e9tait intime, j\u2019avais vrai\u00adment le senti\u00adment de bien entendre les fans. Quand c\u2019est un grand court, g\u00e9n\u00e9\u00adra\u00adle\u00adment, on a l\u2019im\u00adpres\u00adsion d\u2019\u00eatre sur un court qui est vide. L\u00e0, il y a beau\u00adcoup de choses qui se passent, il y a beau\u00adcoup de bruit autour, il y a de la musique. C\u2019\u00e9tait agr\u00e9able, parce que \u00e7a m\u2019a aid\u00e9 \u00e0 rester concen\u00adtr\u00e9e sur le match devant moi. Bien s\u00fbr, il faut s\u2019adapter\u00a0\u00e0\u00a0la\u00a0situation.\u202f\u00bb<\/strong><\/p>\n<p>Elle sera confront\u00e9e \u00e0 une adver\u00adsaire de taille ce mercredi 28 mai pour son deuxi\u00e8me tour dans le Grand Chelem Fran\u00e7ais, Iga Swiatek, 5e mondiale.<\/p>\n<p class=\"post-published-date\" style=\"color: silver; font-size: 75%; text-align: left;\">Publi\u00e9 le mardi 27 mai 2025 \u00e0 11:15<\/p>\n","protected":false},"excerpt":{"rendered":"Bien qu\u2019elle se soit quali\u00adfi\u00e9e pour le deuxi\u00e8me tour de Roland\u2010Garros, la frus\u00adtra\u00adtion d\u2019Emma Raducanu s\u2019est fait ressentir&hellip;\n","protected":false},"author":2,"featured_media":131648,"comment_status":"","ping_status":"","sticky":false,"template":"","format":"standard","meta":{"footnotes":""},"categories":[1415],"tags":[1011,27,2200,60,1467],"class_list":{"0":"post-131647","1":"post","2":"type-post","3":"status-publish","4":"format-standard","5":"has-post-thumbnail","7":"category-tennis","8":"tag-fr","9":"tag-france","10":"tag-iga-swiatek","11":"tag-sports","12":"tag-tennis"},"share_on_mastodon":{"url":"https:\/\/pubeurope.com\/@fr\/114579552519860578","error":""},"_links":{"self":[{"href":"https:\/\/www.europesays.com\/fr\/wp-json\/wp\/v2\/posts\/131647","targetHints":{"allow":["GET"]}}],"collection":[{"href":"https:\/\/www.europesays.com\/fr\/wp-json\/wp\/v2\/posts"}],"about":[{"href":"https:\/\/www.europesays.com\/fr\/wp-json\/wp\/v2\/types\/post"}],"author":[{"embeddable":true,"href":"https:\/\/www.europesays.com\/fr\/wp-json\/wp\/v2\/users\/2"}],"replies":[{"embeddable":true,"href":"https:\/\/www.europesays.com\/fr\/wp-json\/wp\/v2\/comments?post=131647"}],"version-history":[{"count":0,"href":"https:\/\/www.europesays.com\/fr\/wp-json\/wp\/v2\/posts\/131647\/revisions"}],"wp:featuredmedia":[{"embeddable":true,"href":"https:\/\/www.europesays.com\/fr\/wp-json\/wp\/v2\/media\/131648"}],"wp:attachment":[{"href":"https:\/\/www.europesays.com\/fr\/wp-json\/wp\/v2\/media?parent=131647"}],"wp:term":[{"taxonomy":"category","embeddable":true,"href":"https:\/\/www.europesays.com\/fr\/wp-json\/wp\/v2\/categories?post=131647"},{"taxonomy":"post_tag","embeddable":true,"href":"https:\/\/www.europesays.com\/fr\/wp-json\/wp\/v2\/tags?post=131647"}],"curies":[{"name":"wp","href":"https:\/\/api.w.org\/{rel}","templated":true}]}}