{"id":131680,"date":"2025-05-27T11:43:08","date_gmt":"2025-05-27T11:43:08","guid":{"rendered":"https:\/\/www.europesays.com\/fr\/131680\/"},"modified":"2025-05-27T11:43:08","modified_gmt":"2025-05-27T11:43:08","slug":"une-nouvelle-tentative-denlevement-dejouee-pres-de-nantes","status":"publish","type":"post","link":"https:\/\/www.europesays.com\/fr\/131680\/","title":{"rendered":"une nouvelle tentative d\u2019enl\u00e8vement d\u00e9jou\u00e9e pr\u00e8s de Nantes"},"content":{"rendered":"<p>\u00abPlus de 20\u00bb personnes ont \u00e9t\u00e9 interpell\u00e9es dans des dossiers li\u00e9s aux r\u00e9cents enl\u00e8vements, a par ailleurs annonc\u00e9 mardi une source proche du dossier.<\/p>\n<p class=\"fig-paragraph\">\u00abPlus de 20\u00bb interpellations ont eu lieu dans le cadre des enqu\u00eates men\u00e9es par la Brigade de r\u00e9pression du banditisme (BRB) sur les tentatives et enl\u00e8vements r\u00e9cents dans le milieu de la cryptomonnaie, a-t-on appris mardi 27 mai 2025 de source proche du dossier. Ces interpellations sont en lien avec l\u2019enl\u00e8vement \u00e0 Paris (14e) du p\u00e8re d\u2019un homme ayant fait fortune dans la cryptomonnaie, lib\u00e9r\u00e9 par la BRI, ainsi qu\u2019avec la\u00a0<a href=\"http:\/\/www.lefigaro.fr\/faits-divers\/paris-un-couple-echappe-a-une-tentative-d-enlevement-en-pleine-rue-20250513\" data-fig-type=\"NewsFlash\" data-gtm-custom-categorie=\"navigation\" data-gtm-custom-action=\"crossclick\" data-gtm-custom-label=\"Contextuel\" data-gtm-event=\"customEventSPE\" data-fig-domain=\"LEFIGARO\" target=\"_blank\" rel=\"noopener\">tentative avort\u00e9e \u00e0 Paris<\/a>\u00a0(11e) visant la fille et le petit-fils du PDG d\u2019une soci\u00e9t\u00e9 sp\u00e9cialis\u00e9e. Est \u00e9galement concern\u00e9e une tentative d\u00e9jou\u00e9e lundi pr\u00e8s de\u00a0<a href=\"https:\/\/www.lefigaro.fr\/nantes\" target=\"_blank\" data-fig-type=\"Section\" rel=\"noopener\" data-gtm-custom-categorie=\"navigation\" data-gtm-custom-action=\"crossclick\" data-gtm-custom-label=\"Contextuel\" data-gtm-event=\"customEventSPE\" data-fig-domain=\"LEFIGARO\">Nantes<\/a>, selon cette source, confirmant des informations de plusieurs m\u00e9dias.<\/p>\n<p class=\"fig-paragraph\">Plus d\u2019informations \u00e0 suivre&#8230;<\/p>\n","protected":false},"excerpt":{"rendered":"\u00abPlus de 20\u00bb personnes ont \u00e9t\u00e9 interpell\u00e9es dans des dossiers li\u00e9s aux r\u00e9cents enl\u00e8vements, a par ailleurs annonc\u00e9&hellip;\n","protected":false},"author":2,"featured_media":131681,"comment_status":"","ping_status":"","sticky":false,"template":"","format":"standard","meta":{"footnotes":""},"categories":[4],"tags":[11,9049,2716,462,1011,27,2640,2642,303,766,2638,2643,2637,2639,2646,2645,2641,2635,2644,2647,12,2636,1072,25],"class_list":{"0":"post-131680","1":"post","2":"type-post","3":"status-publish","4":"format-standard","5":"has-post-thumbnail","7":"category-france","8":"tag-actualites","9":"tag-cryptomonnaie","10":"tag-enlevement","11":"tag-fc-nantes","12":"tag-fr","13":"tag-france","14":"tag-hauts-paves-saint-felix","15":"tag-ile-de-nantes","16":"tag-justice","17":"tag-nantes","18":"tag-nantes-bellevue-chantenay-sainte-anne","19":"tag-nantes-breil-barberie","20":"tag-nantes-centre-ville","21":"tag-nantes-dervallieres-zola","22":"tag-nantes-doulon-bottiere","23":"tag-nantes-erdre","24":"tag-nantes-malakoff-saint-donatien","25":"tag-nantes-metropole","26":"tag-nantes-nord","27":"tag-nantes-sud","28":"tag-news","29":"tag-pays-de-la-loire","30":"tag-police","31":"tag-republique-francaise"},"share_on_mastodon":{"url":"https:\/\/pubeurope.com\/@fr\/114579623513422335","error":""},"_links":{"self":[{"href":"https:\/\/www.europesays.com\/fr\/wp-json\/wp\/v2\/posts\/131680","targetHints":{"allow":["GET"]}}],"collection":[{"href":"https:\/\/www.europesays.com\/fr\/wp-json\/wp\/v2\/posts"}],"about":[{"href":"https:\/\/www.europesays.com\/fr\/wp-json\/wp\/v2\/types\/post"}],"author":[{"embeddable":true,"href":"https:\/\/www.europesays.com\/fr\/wp-json\/wp\/v2\/users\/2"}],"replies":[{"embeddable":true,"href":"https:\/\/www.europesays.com\/fr\/wp-json\/wp\/v2\/comments?post=131680"}],"version-history":[{"count":0,"href":"https:\/\/www.europesays.com\/fr\/wp-json\/wp\/v2\/posts\/131680\/revisions"}],"wp:featuredmedia":[{"embeddable":true,"href":"https:\/\/www.europesays.com\/fr\/wp-json\/wp\/v2\/media\/131681"}],"wp:attachment":[{"href":"https:\/\/www.europesays.com\/fr\/wp-json\/wp\/v2\/media?parent=131680"}],"wp:term":[{"taxonomy":"category","embeddable":true,"href":"https:\/\/www.europesays.com\/fr\/wp-json\/wp\/v2\/categories?post=131680"},{"taxonomy":"post_tag","embeddable":true,"href":"https:\/\/www.europesays.com\/fr\/wp-json\/wp\/v2\/tags?post=131680"}],"curies":[{"name":"wp","href":"https:\/\/api.w.org\/{rel}","templated":true}]}}