{"id":131684,"date":"2025-05-27T11:45:10","date_gmt":"2025-05-27T11:45:10","guid":{"rendered":"https:\/\/www.europesays.com\/fr\/131684\/"},"modified":"2025-05-27T11:45:10","modified_gmt":"2025-05-27T11:45:10","slug":"son-developpement-est-booste-par-lessor-du-running","status":"publish","type":"post","link":"https:\/\/www.europesays.com\/fr\/131684\/","title":{"rendered":"son d\u00e9veloppement est boost\u00e9 par l\u2019essor du running"},"content":{"rendered":"<p>Il y a encore quelques ann\u00e9es, la plupart des Fran\u00e7ais ne savaient probablement pas ce qu\u2019\u00e9tait une jo\u00eblette, ce fauteuil muni d\u2019une roue unique et de deux brancards permettant \u00e0 une personne en situation de handicap d\u2019acc\u00e9der \u00e0 des chemins de randonn\u00e9e ou de participer \u00e0 une course \u00e0 pied en compagnie d\u2019un ou plusieurs porteurs.<\/p>\n<p>D\u00e9sormais, certes, c\u2019est toujours un march\u00e9 de niche, mais on les voit beaucoup plus gr\u00e2ce notamment au spectaculaire essor, depuis le Covid, des activit\u00e9s nature et du running.<\/p>\n<p>Une marque devenue nom commun<\/p>\n<p>On a pu remarquer des \u00e9quipes en jo\u00eblettes prendre le d\u00e9part du Saint\u00e9 Trail Urbain par exemple, mais aussi du marathon de Barcelone, de Rome, de Milan et m\u00eame de l\u2019Ultra Trail du Mont-Blanc. Ces jo\u00eblettes sont toutes fabriqu\u00e9es \u00e0 Roche-la-Moli\u00e8re par Ferriol-Matrat.<\/p>\n<p><a href=\"https:\/\/www.leprogres.fr\/economie\/2024\/04\/11\/l-entreprise-ferriol-matrat-a-double-son-chiffre-d-affaires-et-a-embauche\" target=\"_blank\" rel=\"noopener\">L&#8230;<\/a><\/p>\n","protected":false},"excerpt":{"rendered":"Il y a encore quelques ann\u00e9es, la plupart des Fran\u00e7ais ne savaient probablement pas ce qu\u2019\u00e9tait une jo\u00eblette,&hellip;\n","protected":false},"author":2,"featured_media":131685,"comment_status":"","ping_status":"","sticky":false,"template":"","format":"standard","meta":{"footnotes":""},"categories":[9653],"tags":[1111,11,2430,33,7539,1777,674,107,1011,27,693,3367,12,25,12490,12491,4001],"class_list":{"0":"post-131684","1":"post","2":"type-post","3":"status-publish","4":"format-standard","5":"has-post-thumbnail","7":"category-saint-etienne","8":"tag-actu","9":"tag-actualites","10":"tag-auvergne-rhone-alpes","11":"tag-economie","12":"tag-edition-loire-sud","13":"tag-eu","14":"tag-europe","15":"tag-fil-info","16":"tag-fr","17":"tag-france","18":"tag-industrie","19":"tag-loire","20":"tag-news","21":"tag-republique-francaise","22":"tag-roche-la-moliere","23":"tag-roche-la-moliere-bassin","24":"tag-saint-etienne"},"share_on_mastodon":{"url":"https:\/\/pubeurope.com\/@fr\/114579631350287342","error":""},"_links":{"self":[{"href":"https:\/\/www.europesays.com\/fr\/wp-json\/wp\/v2\/posts\/131684","targetHints":{"allow":["GET"]}}],"collection":[{"href":"https:\/\/www.europesays.com\/fr\/wp-json\/wp\/v2\/posts"}],"about":[{"href":"https:\/\/www.europesays.com\/fr\/wp-json\/wp\/v2\/types\/post"}],"author":[{"embeddable":true,"href":"https:\/\/www.europesays.com\/fr\/wp-json\/wp\/v2\/users\/2"}],"replies":[{"embeddable":true,"href":"https:\/\/www.europesays.com\/fr\/wp-json\/wp\/v2\/comments?post=131684"}],"version-history":[{"count":0,"href":"https:\/\/www.europesays.com\/fr\/wp-json\/wp\/v2\/posts\/131684\/revisions"}],"wp:featuredmedia":[{"embeddable":true,"href":"https:\/\/www.europesays.com\/fr\/wp-json\/wp\/v2\/media\/131685"}],"wp:attachment":[{"href":"https:\/\/www.europesays.com\/fr\/wp-json\/wp\/v2\/media?parent=131684"}],"wp:term":[{"taxonomy":"category","embeddable":true,"href":"https:\/\/www.europesays.com\/fr\/wp-json\/wp\/v2\/categories?post=131684"},{"taxonomy":"post_tag","embeddable":true,"href":"https:\/\/www.europesays.com\/fr\/wp-json\/wp\/v2\/tags?post=131684"}],"curies":[{"name":"wp","href":"https:\/\/api.w.org\/{rel}","templated":true}]}}