{"id":131686,"date":"2025-05-27T11:46:08","date_gmt":"2025-05-27T11:46:08","guid":{"rendered":"https:\/\/www.europesays.com\/fr\/131686\/"},"modified":"2025-05-27T11:46:08","modified_gmt":"2025-05-27T11:46:08","slug":"a-saint-etienne-du-gres-un-conseil-entre-emotion-nouveaux-postes-et-projets-structurants","status":"publish","type":"post","link":"https:\/\/www.europesays.com\/fr\/131686\/","title":{"rendered":"\u00c0 Saint-\u00c9tienne du Gr\u00e8s, un conseil entre \u00e9motion, nouveaux postes et projets structurants"},"content":{"rendered":"<p>Le dernier conseil municipal de <a href=\"https:\/\/www.laprovence.com\/bouches-du-rhone\/saint-etienne-du-gres-13094\" target=\"_blank\" rel=\"noopener\">Saint-\u00c9tienne du Gr\u00e8s<\/a> s\u2019est ouvert dans un moment d\u2019\u00e9motion avec une minute de silence en hommage \u00e0 <a href=\"https:\/\/www.laprovence.com\/article\/societe\/7330767649948214\/a-saint-etienne-du-gres-l-adjoint-au-maire-yves-durand-nous-a-quittes\" target=\"_blank\" rel=\"noopener\">Yves Durand<\/a>, 5\u1d49 adjoint au maire, r\u00e9cemment d\u00e9c\u00e9d\u00e9.<\/p>\n<p>Apr\u00e8s cet hommage, le maire a indiqu\u00e9 que ce contexte allait conduire \u00e0 la suppression de son poste d\u2019adjoint, ramenant le nombre d\u2019adjoints \u00e0 quatre en cette fin de mandat.<\/p>\n<p>Agrandissement des \u00e9coles<\/p>\n<p>Le Conseil a valid\u00e9 plusieurs d\u00e9cisions \u00e0 l\u2019unanimit\u00e9\u00a0: acceptations d\u2019indemnit\u00e9s d\u2019assurance, contrats pour des prestations de service (mat\u00e9riel de tra\u00e7age, d\u00e9mat\u00e9rialisation des consultations, minibus), et un avenant concernant les travaux d\u2019agrandissement des \u00e9coles.<\/p>\n<p>En pr\u00e9vision du d\u00e9part \u00e0 la retraite du policier intercommunal, de nouveaux postes dans la police municipale intercommunale ont \u00e9t\u00e9 cr\u00e9\u00e9s. Par ailleurs, deux postes ont \u00e9t\u00e9 act\u00e9s\u00a0: un \u00e0 temps complet pour le futur p\u00f4le culturel, et un \u00e0 temps partiel pour le march\u00e9 Andr\u00e9-Vida.<\/p>\n<p>Parmi les nombreux \u00e9changes, le maire a signal\u00e9 la r\u00e9ception d\u2019une demande de parrainage pour la pr\u00e9sidentielle, d\u00e9cision qui sera prise collectivement par le Conseil. Le D\u00e9partement va adopter une politique de fauchage raisonn\u00e9 sur les routes d\u00e9partementales.<\/p>\n<p>Campagne de financement pour Notre-Dame du Ch\u00e2teau<\/p>\n<p>La r\u00e9flexion sur des courts de <a href=\"https:\/\/www.laprovence.com\/article\/region\/86905238791941\/ou-jouer-au-padel-autour-de-marseille-et-aix\" target=\"_blank\" rel=\"noopener\">padel<\/a> \u00e0 proximit\u00e9 du stade est toujours en cours. Le projet de sup\u00e9rette avance, avec une ouverture envisag\u00e9e au premier semestre\u00a02026. La campagne de financement pour <a href=\"https:\/\/www.laprovence.com\/article\/region\/6465424285506314\/a-saint-etienne-du-gres-le-projet-de-renovation-de-notre-dame-du-chateau-enfin-sur-les-rails\" target=\"_blank\" rel=\"noopener\">Notre-Dame du Ch\u00e2teau<\/a> a atteint 20% de son objectif.<\/p>\n<p>Des recherches historiques ont confirm\u00e9 la d\u00e9dicace de l\u2019\u00e9glise du village \u00e0 saint \u00c9tienne. Un probl\u00e8me d\u2019humidit\u00e9 dans le ch\u0153ur de l\u2019\u00e9glise va faire l\u2019objet d\u2019un diagnostic sp\u00e9cialis\u00e9.<\/p>\n<p>Enfin, une visite des chantiers en cours (\u00e9coquartier et \u00e9coles) sera organis\u00e9e pour les \u00e9lus, et une r\u00e9flexion est ouverte sur la gestion informatique de la commune, avec un choix actuel en faveur d\u2019un prestataire priv\u00e9.<\/p>\n","protected":false},"excerpt":{"rendered":"Le dernier conseil municipal de Saint-\u00c9tienne du Gr\u00e8s s\u2019est ouvert dans un moment d\u2019\u00e9motion avec une minute de&hellip;\n","protected":false},"author":2,"featured_media":131687,"comment_status":"","ping_status":"","sticky":false,"template":"","format":"standard","meta":{"footnotes":""},"categories":[9653],"tags":[17,1111,11,2430,7516,19816,2834,1777,674,1011,27,25643,12,2845,13710,16,25,4001],"class_list":{"0":"post-131686","1":"post","2":"type-post","3":"status-publish","4":"format-standard","5":"has-post-thumbnail","7":"category-saint-etienne","8":"tag-17","9":"tag-actu","10":"tag-actualites","11":"tag-auvergne-rhone-alpes","12":"tag-conseil","13":"tag-emotion","14":"tag-entre","15":"tag-eu","16":"tag-europe","17":"tag-fr","18":"tag-france","19":"tag-gres","20":"tag-news","21":"tag-nouveaux","22":"tag-postes","23":"tag-region","24":"tag-republique-francaise","25":"tag-saint-etienne"},"share_on_mastodon":{"url":"https:\/\/pubeurope.com\/@fr\/114579635347028734","error":""},"_links":{"self":[{"href":"https:\/\/www.europesays.com\/fr\/wp-json\/wp\/v2\/posts\/131686","targetHints":{"allow":["GET"]}}],"collection":[{"href":"https:\/\/www.europesays.com\/fr\/wp-json\/wp\/v2\/posts"}],"about":[{"href":"https:\/\/www.europesays.com\/fr\/wp-json\/wp\/v2\/types\/post"}],"author":[{"embeddable":true,"href":"https:\/\/www.europesays.com\/fr\/wp-json\/wp\/v2\/users\/2"}],"replies":[{"embeddable":true,"href":"https:\/\/www.europesays.com\/fr\/wp-json\/wp\/v2\/comments?post=131686"}],"version-history":[{"count":0,"href":"https:\/\/www.europesays.com\/fr\/wp-json\/wp\/v2\/posts\/131686\/revisions"}],"wp:featuredmedia":[{"embeddable":true,"href":"https:\/\/www.europesays.com\/fr\/wp-json\/wp\/v2\/media\/131687"}],"wp:attachment":[{"href":"https:\/\/www.europesays.com\/fr\/wp-json\/wp\/v2\/media?parent=131686"}],"wp:term":[{"taxonomy":"category","embeddable":true,"href":"https:\/\/www.europesays.com\/fr\/wp-json\/wp\/v2\/categories?post=131686"},{"taxonomy":"post_tag","embeddable":true,"href":"https:\/\/www.europesays.com\/fr\/wp-json\/wp\/v2\/tags?post=131686"}],"curies":[{"name":"wp","href":"https:\/\/api.w.org\/{rel}","templated":true}]}}