{"id":131694,"date":"2025-05-27T11:51:09","date_gmt":"2025-05-27T11:51:09","guid":{"rendered":"https:\/\/www.europesays.com\/fr\/131694\/"},"modified":"2025-05-27T11:51:09","modified_gmt":"2025-05-27T11:51:09","slug":"decathlon-arrive-en-format-city-sur-210-metres-carres-au-polygone-de-montpellier","status":"publish","type":"post","link":"https:\/\/www.europesays.com\/fr\/131694\/","title":{"rendered":"Decathlon arrive en format \u00ab\u00a0city\u00a0\u00bb, sur 210 m\u00e8tres carr\u00e9s, au Polygone de Montpellier"},"content":{"rendered":"<p>\n                                                                Le centre commercial central de Montpellier accueillera la c\u00e9l\u00e8bre enseigne sportive pour une ouverture pr\u00e9vue courant septembre\u00a02025.\n                            <\/p>\n<p>Voil\u00e0 qui changera de l\u2019hypermarch\u00e9 du sport install\u00e9 sur 7\u00a0500\u00a0m2 \u00e0 Odysseum. \u00c0 l\u2019instar de toutes les enseignes de la grande distribution qui proposent d\u00e9sormais des locaux r\u00e9duits dans les agglom\u00e9rations, Decathlon innove avec ses formats \u201ccity\u201d (une dizaine en France). Courant septembre, le g\u00e9ant fran\u00e7ais du sport ouvrira un nouveau magasin, au c\u0153ur de Montpellier, au niveau bas du Polygone. Sur une surface de 210\u00a0m2, dans les locaux laiss\u00e9s libres par les chaussures Andr\u00e9.<\/p>\n<p>Running et fitness \u00e0 60\u00a0%<\/p>\n<p>\u00c0 la t\u00eate de cette boutique\u00a0: Precillia Anselin, presque trentenaire. Elle conna\u00eet bien l\u2019enseigne et Montpellier pour avoir \u00e9t\u00e9 cheffe du rayon fitness \u00e0 Odysseum de 2018 \u00e0 2020, avant de prendre du galon dans la direction, \u00e0 N\u00eemes. Pour son premier poste \u00e0 la responsabilit\u00e9 d\u2019un magasin, Precillia Anselin est g\u00e2t\u00e9e. \u00ab\u00a0Au Polygone, nous allons offrir un accompagnement client beaucoup plus pouss\u00e9 que dans nos autres magasins, dans l\u2019esprit \u201cpersonal shopper\u201d, de l\u2019entr\u00e9e du magasin jusqu\u2019\u00e0 l\u2019encaissement, explique-t-elle en insistant sur le service et la disponibilit\u00e9. Sur place, nous proposerons un choix large bien s\u00fbr mais essentiellement du running et du fitness, de l\u2019ordre de 60\u00a0%. L\u2019id\u00e9e est de proposer une offre cibl\u00e9e, qui va m\u00ealer des produits techniques, un bon rapport qualit\u00e9-prix\u00a0et adapt\u00e9e \u00e0 la client\u00e8le de centre-ville et de Montpellier, avec beaucoup d\u2019\u00e9tudiants, et \u00e0 la client\u00e8le du Polygone, \u00e0 65\u00a0% des femmes.\u00a0\u00bb<\/p>\n<p>Le Polygone\u00a0: \u00ab\u00a0On ne peut que se r\u00e9jouir\u00a0\u00bb<\/p>\n<p>Du c\u00f4t\u00e9 Polygone aussi, l\u2019arriv\u00e9e de D\u00e9cathlon est une r\u00e9elle satisfaction. \u00ab\u00a0C\u2019est une enseigne qui nous \u00e9tait demand\u00e9e quasiment au quotidien par les clients, c\u2019est l\u2019une des marques pr\u00e9f\u00e9r\u00e9es des Fran\u00e7ais, appr\u00e9cient Aur\u00e9lie Garnier et Jonathan Demarquay, la directrice du centre et son responsable commercial. On ne peut que se r\u00e9jouir d\u2019accueillir cette enseigne et nous sommes ravis d\u2019apporter cette offre dans le centre.\u00a0\u00bb<\/p>\n<p>Davantage d\u2019espace demain\u00a0?<\/p>\n<p>Reste que le magasin devra s\u2019adapter \u00e0 un espace vraiment contraint. 210\u00a0m2, voil\u00e0 bien une surface de vente tr\u00e8s inhabituelle pour ce g\u00e9ant de l\u2019\u00e9quipement sportif. \u00ab\u00a0Pour eux, c\u2019est aussi une mani\u00e8re de jauger le centre, appr\u00e9cier leur implantation, encha\u00eene Aur\u00e9lie Garnier. Bien s\u00fbr, le jour o\u00f9 nous aurons une surface disponible plus importante, nous pourrons la leur proposer.\u00a0\u00bb\u00a0Une proposition qui pourrait par exemple \u00eatre rendue possible dans le cadre d\u2019une extension du centre commercial sur l\u2019emprise de l\u2019ancienne mairie.<\/p>\n<p>Emploi\u00a0: D\u00e9cathlon est en phase de recrutement pour cette boutique pour des temps pleins et partiels, ainsi que des \u00e9tudiants\u00a0: recrutement.decathlon.fr<\/p>\n<p>    Nespresso et Marie-Blach\u00e8re s\u2019installent aussi<\/p>\n<p>Nous l\u2019\u00e9crivions dans une pr\u00e9c\u00e9dente \u00e9dition, le magasin Nespresso quittera le boulevard du Jeu-de-Paume pour s\u2019installer au Polygone, \u00e0 l\u2019\u00e9tage sup\u00e9rieur, dans deux cellules actuellement en travaux de pr\u00e9paration et accol\u00e9es aux Galeries Lafayette. L\u2019ouverture devrait avoir lieu courant novembre.<\/p>\n<p>Autre enseigne bien connue des consommateurs annonc\u00e9e au Polygone de Montpellier\u00a0: Marie-Blach\u00e8re. Une arriv\u00e9e qui rentre dans un cadre bien plus large puisque la cha\u00eene nationale de boulangeries vient de signer un accord avec Monoprix pour s\u2019installer dans ses espaces de vente de pain et autre snacking. Une installation au Polygone serait l\u2019une des toutes premi\u00e8res r\u00e9alisations communes entre les deux marques. L\u2019espace d\u00e9di\u00e9 est au premier \u00e9tage (\u00e9tage Com\u00e9die), coll\u00e9 \u00e0 Monoprix. Ouverture esp\u00e9r\u00e9e fin 2025.<\/p>\n<p class=\"std-elt__inline\">\n        <strong>\u00c0 lire aussi :<\/strong><br \/>\n        <a href=\"https:\/\/www.midilibre.fr\/2025\/04\/11\/lenseigne-demenage-et-quitte-le-jeu-de-paume-decouvrez-la-nouvelle-adresse-de-la-boutique-nespresso-a-montpellier-12628555.php\" rel=\"nofollow noopener\" target=\"_blank\">L\u2019enseigne d\u00e9m\u00e9nage et quitte le Jeu-de-Paume\u00a0: d\u00e9couvrez la nouvelle adresse de la boutique Nespresso \u00e0 Montpellier<\/a>\n    <\/p>\n","protected":false},"excerpt":{"rendered":"Le centre commercial central de Montpellier accueillera la c\u00e9l\u00e8bre enseigne sportive pour une ouverture pr\u00e9vue courant septembre\u00a02025. Voil\u00e0&hellip;\n","protected":false},"author":2,"featured_media":131695,"comment_status":"","ping_status":"","sticky":false,"template":"","format":"standard","meta":{"footnotes":""},"categories":[9599],"tags":[1111,11,1777,674,1011,27,2208,12,2680,25],"class_list":{"0":"post-131694","1":"post","2":"type-post","3":"status-publish","4":"format-standard","5":"has-post-thumbnail","7":"category-montpellier","8":"tag-actu","9":"tag-actualites","10":"tag-eu","11":"tag-europe","12":"tag-fr","13":"tag-france","14":"tag-montpellier","15":"tag-news","16":"tag-occitanie","17":"tag-republique-francaise"},"share_on_mastodon":{"url":"https:\/\/pubeurope.com\/@fr\/114579654769901630","error":""},"_links":{"self":[{"href":"https:\/\/www.europesays.com\/fr\/wp-json\/wp\/v2\/posts\/131694","targetHints":{"allow":["GET"]}}],"collection":[{"href":"https:\/\/www.europesays.com\/fr\/wp-json\/wp\/v2\/posts"}],"about":[{"href":"https:\/\/www.europesays.com\/fr\/wp-json\/wp\/v2\/types\/post"}],"author":[{"embeddable":true,"href":"https:\/\/www.europesays.com\/fr\/wp-json\/wp\/v2\/users\/2"}],"replies":[{"embeddable":true,"href":"https:\/\/www.europesays.com\/fr\/wp-json\/wp\/v2\/comments?post=131694"}],"version-history":[{"count":0,"href":"https:\/\/www.europesays.com\/fr\/wp-json\/wp\/v2\/posts\/131694\/revisions"}],"wp:featuredmedia":[{"embeddable":true,"href":"https:\/\/www.europesays.com\/fr\/wp-json\/wp\/v2\/media\/131695"}],"wp:attachment":[{"href":"https:\/\/www.europesays.com\/fr\/wp-json\/wp\/v2\/media?parent=131694"}],"wp:term":[{"taxonomy":"category","embeddable":true,"href":"https:\/\/www.europesays.com\/fr\/wp-json\/wp\/v2\/categories?post=131694"},{"taxonomy":"post_tag","embeddable":true,"href":"https:\/\/www.europesays.com\/fr\/wp-json\/wp\/v2\/tags?post=131694"}],"curies":[{"name":"wp","href":"https:\/\/api.w.org\/{rel}","templated":true}]}}