{"id":131696,"date":"2025-05-27T11:52:09","date_gmt":"2025-05-27T11:52:09","guid":{"rendered":"https:\/\/www.europesays.com\/fr\/131696\/"},"modified":"2025-05-27T11:52:09","modified_gmt":"2025-05-27T11:52:09","slug":"le-mhsc-ouvre-les-inscriptions-pour-ses-stages-de-football-dete","status":"publish","type":"post","link":"https:\/\/www.europesays.com\/fr\/131696\/","title":{"rendered":"le MHSC ouvre les inscriptions pour ses stages de football d\u2019\u00e9t\u00e9"},"content":{"rendered":"<p>            Par<br \/>\n        <strong><br \/>\n            <a href=\"https:\/\/actu.fr\/auteur\/metropoop\" title=\"Consulter tous les articles de R\u00e9daction M\u00e9tropolitain\" target=\"_blank\" rel=\"noopener\">R\u00e9daction M\u00e9tropolitain<\/a><br \/>\n        <\/strong><\/p>\n<p>        Publi\u00e9 le<\/p>\n<p>            27 mai 2025 \u00e0 13h11        <\/p>\n<p>Le MHSC (Montpellier H\u00e9rault Sport Club) a annonc\u00e9 l\u2019ouverture des inscriptions pour ses stages de perfectionnement footballistique estivaux. Organis\u00e9es au c\u0153ur du complexe sportif Bernard Gasset, ces formations accueillent gar\u00e7ons et filles n\u00e9s <strong>entre 2014 et 2017<\/strong>. Peu importe leur niveau, les enfants peuvent participer. L\u2019inscription ne requiert pas de licence en club. L\u2019objectif reste le m\u00eame : progresser tout en prenant du plaisir.<\/p>\n<p>    <a href=\"https:\/\/www.google.com\/maps\/embed?pb=!1m18!1m12!1m3!1d2888.675712902474!2d3.923625876460129!3d43.61329327110407!2m3!1f0!2f0!3f0!3m2!1i1024!2i768!4f13.1!3m3!1m2!1s0x12b6a59f53b92843%3A0xbaf5e9da21db4154!2sTraining%20Center%20MHSC%20Bernard%20Gasset%20Grammont!5e0!3m2!1sen!2sfr!4v1748343936826!5m2!1sen!2sfr\" title=\"Ouvrie le lien\" target=\"_blank\" rel=\"noopener\">Cliquez ici pour visualiser le contenu<\/a><\/p>\n<p class=\" wall-content\">Les \u00e9ducateurs encadrant ces sessions sont tous dipl\u00f4m\u00e9s. En bonus, chaque semaine est plac\u00e9e sous le parrainage d\u2019un joueur actuel du MHSC ou d\u2019un ancien champion de France de 2012. De quoi motiver les apprentis footballeurs.<\/p>\n<p>Quatre semaines pour briller<\/p>\n<p class=\" wall-content\">Les stages se d\u00e9roulent sur <strong>quatre semaines<\/strong> distinctes pendant les vacances d\u2019\u00e9t\u00e9. Les dates pr\u00e9vues sont les suivantes :<\/p>\n<ul class=\" wall-content\">\n<li>Du 7 au 11 juillet<\/li>\n<li>Du 14 au 18 juillet<\/li>\n<li>Du 28 juillet au 1er ao\u00fbt<\/li>\n<li>Du 4 au 8 ao\u00fbt<\/li>\n<\/ul>\n<p>Vid\u00e9os : en ce moment sur Actu<\/p>\n<p class=\" wall-content\">Les enfants sont attendus chaque matin, du lundi au vendredi, de 9h \u00e0 12h. Le tarif est de <strong>250 euros<\/strong> par semaine.<\/p>\n<p>&gt; N\u2019h\u00e9sitez pas \u00e0 visiter <a href=\"https:\/\/mhscfoot.com\/articles\/2024-2025\/info-club\/participez-aux-stages-dete-mhsc\/?dm_i=61FB,16Z4I,53R3SB,5L7TQ,1\" target=\"_blank\" rel=\"noopener\">le site<\/a> pour plus de d\u00e9tails et pour proc\u00e9der \u00e0 l\u2019inscription<\/p>\n<p class=\" wall-content\">Suivez toute l\u2019actualit\u00e9 de vos villes et m\u00e9dias favoris en vous inscrivant \u00e0 <a href=\"https:\/\/moncompte.actu.fr\" title=\"D\u00e9couvez Mon Actu\" rel=\"nofollow noopener\" data-trk=\"{&quot;cta&quot;:{&quot;action&quot;:&quot;https:\\\/\\\/moncompte.actu.fr&quot;,&quot;category&quot;:&quot;mon compte&quot;,&quot;from&quot;:&quot;article footer&quot;,&quot;name&quot;:&quot;Mon actu&quot;,&quot;type&quot;:&quot;cta&quot;}}\" target=\"_blank\">Mon Actu<\/a>.<\/p>\n","protected":false},"excerpt":{"rendered":"Par R\u00e9daction M\u00e9tropolitain Publi\u00e9 le 27 mai 2025 \u00e0 13h11 Le MHSC (Montpellier H\u00e9rault Sport Club) a annonc\u00e9&hellip;\n","protected":false},"author":2,"featured_media":131697,"comment_status":"","ping_status":"","sticky":false,"template":"","format":"standard","meta":{"footnotes":""},"categories":[9599],"tags":[1111,11,1719,1777,674,63,1011,27,463,2208,12,2680,25,60,3176],"class_list":{"0":"post-131696","1":"post","2":"type-post","3":"status-publish","4":"format-standard","5":"has-post-thumbnail","7":"category-montpellier","8":"tag-actu","9":"tag-actualites","10":"tag-enfants","11":"tag-eu","12":"tag-europe","13":"tag-football","14":"tag-fr","15":"tag-france","16":"tag-mhsc","17":"tag-montpellier","18":"tag-news","19":"tag-occitanie","20":"tag-republique-francaise","21":"tag-sports","22":"tag-vacances-scolaires"},"share_on_mastodon":{"url":"https:\/\/pubeurope.com\/@fr\/114579658775661431","error":""},"_links":{"self":[{"href":"https:\/\/www.europesays.com\/fr\/wp-json\/wp\/v2\/posts\/131696","targetHints":{"allow":["GET"]}}],"collection":[{"href":"https:\/\/www.europesays.com\/fr\/wp-json\/wp\/v2\/posts"}],"about":[{"href":"https:\/\/www.europesays.com\/fr\/wp-json\/wp\/v2\/types\/post"}],"author":[{"embeddable":true,"href":"https:\/\/www.europesays.com\/fr\/wp-json\/wp\/v2\/users\/2"}],"replies":[{"embeddable":true,"href":"https:\/\/www.europesays.com\/fr\/wp-json\/wp\/v2\/comments?post=131696"}],"version-history":[{"count":0,"href":"https:\/\/www.europesays.com\/fr\/wp-json\/wp\/v2\/posts\/131696\/revisions"}],"wp:featuredmedia":[{"embeddable":true,"href":"https:\/\/www.europesays.com\/fr\/wp-json\/wp\/v2\/media\/131697"}],"wp:attachment":[{"href":"https:\/\/www.europesays.com\/fr\/wp-json\/wp\/v2\/media?parent=131696"}],"wp:term":[{"taxonomy":"category","embeddable":true,"href":"https:\/\/www.europesays.com\/fr\/wp-json\/wp\/v2\/categories?post=131696"},{"taxonomy":"post_tag","embeddable":true,"href":"https:\/\/www.europesays.com\/fr\/wp-json\/wp\/v2\/tags?post=131696"}],"curies":[{"name":"wp","href":"https:\/\/api.w.org\/{rel}","templated":true}]}}