{"id":131698,"date":"2025-05-27T11:53:11","date_gmt":"2025-05-27T11:53:11","guid":{"rendered":"https:\/\/www.europesays.com\/fr\/131698\/"},"modified":"2025-05-27T11:53:11","modified_gmt":"2025-05-27T11:53:11","slug":"la-foule-presente-pour-louverture-de-ce-nouveau-commerce-dans-le-centre-de-rouen-cest-lemeute","status":"publish","type":"post","link":"https:\/\/www.europesays.com\/fr\/131698\/","title":{"rendered":"La foule pr\u00e9sente pour l&rsquo;ouverture de ce nouveau commerce dans le centre de Rouen : \u00ab C&rsquo;est l&rsquo;\u00e9meute \u00bb"},"content":{"rendered":"<p>            Par<br \/>\n        <strong><br \/>\n            <a href=\"https:\/\/actu.fr\/auteur\/jessie-leclerc\" title=\"Consulter tous les articles de Jessie Leclerc\" rel=\"nofollow noopener\" target=\"_blank\">Jessie Leclerc<\/a><br \/>\n        <\/strong><\/p>\n<p>        Publi\u00e9 le<\/p>\n<p>            27 mai 2025 \u00e0 12h55        <\/p>\n<p>Il \u00e9tait \u00e0 peine 9h49 ce 27\u00a0mai 2025 lorsque <a href=\"https:\/\/actu.fr\/normandie\/rouen_76540\/la-tres-populaire-enseigne-aroma-zone-ouvre-bientot-a-rouen-voici-la-date_62507964.html\" rel=\"nofollow noopener\" target=\"_blank\">les portes d\u2019Aroma Zone se sont ouvertes<\/a>, <strong>\u00e0 Rouen (Seine-Maritime)<\/strong> avec quelques minutes d\u2019avance sur l\u2019horaire initialement annonc\u00e9. La raison\u2009? Une foule dense d\u00e9j\u00e0 mass\u00e9e, malgr\u00e9 la pluie, impatiente de franchir le seuil de la boutique de cosm\u00e9tiques. D\u00e9tails.<\/p>\n<p>La foule pour l\u2019ouverture<\/p>\n<p class=\" wall-content\">La marque, sp\u00e9cialis\u00e9e dans les ingr\u00e9dients pour la fabrication maison <a href=\"https:\/\/actu.fr\/normandie\/rouen_76540\/la-boutique-de-cosmetiques-coreens-quitte-les-docks-pour-le-centre-ville-de-rouen_60779469.html\" rel=\"nofollow noopener\" target=\"_blank\">de cosm\u00e9tiques<\/a>, produits d\u2019entretien ou de bien-\u00eatre, \u00e9tait attendue de pied ferme par les Rouennais. L\u2019engouement est tel que, pour l\u2019ouverture, <strong>une centaine de personnes<\/strong> \u00e9taient pr\u00e9sentes devant la boutique, situ\u00e9e \u00e0 l\u2019angle entre le Palais de Justice et la rue du Gros-Horloge. Certains ont patient\u00e9 plus d\u2019une demi-heure malgr\u00e9 la pluie.<\/p>\n<p class=\" wall-content\">\u00ab\u2009C\u2019est l\u2019\u00e9meute, on est pris d\u2019assaut\u2009\u00bb, confie Sabrina Herlory-Rouget, PDG d\u2019Aroma Zone, venue de Paris pour l\u2019inauguration. \u00ab\u2009Nous savions que l\u2019attente \u00e9tait immense \u00e0 Rouen, mais c\u2019est toujours \u00e9mouvant de voir tant de sourires.\u2009\u00bb<\/p>\n<p>Un commerce tr\u00e8s attendu par les Rouennais<\/p>\n<p class=\" wall-content\">Parmi les premiers arriv\u00e9s, Alejandro, venu de Petit-Quevilly. \u00ab\u2009J\u2019ai fait la queue une vingtaine de minutes, explique-t-il. C\u2019est <strong>une d\u00e9couverte<\/strong> pour moi, mais je viens surtout pour ma petite s\u0153ur qui utilise ces produits-l\u00e0. Certains sont en rupture de stocks sur Paris, alors l\u00e0, je lui fais plaisir et je me fais plaisir au passage.\u2009\u00bb<\/p>\n<p class=\" wall-content\">De l\u2019autre c\u00f4t\u00e9 du magasin, noir de monde, C\u00e9line 23\u00a0ans, et Sabine 17\u00a0ans, attendaient l\u2019ouverture depuis un moment. \u00ab\u2009<strong>On allait \u00e0 celui de paris<\/strong>, l\u00e0 \u00e7a \u00e9vite les d\u00e9placements ou de commander en ligne, et c\u2019est m\u00eame plus grand\u2009\u00bb, se r\u00e9jouissent les jeunes femmes.<\/p>\n<p class=\" wall-content\">Devant les caisses, la file s\u2019allonge, mais chacun est pr\u00eat \u00e0 attendre, comme Am\u00e9lie, 22\u00a0ans\u2009: \u00ab\u2009J\u2019attendais la boutique depuis beaucoup d\u2019ann\u00e9es, parce que<strong> ma m\u00e8re fait tout maison<\/strong> \u00e0 cause de ses allergies au parfum. Et ma\u00a0petite s\u0153ur m\u2019a demand\u00e9 plein de trucs aussi\u2009!\u2009\u00bb<\/p>\n<p>Vid\u00e9os : en ce moment sur Actu<\/p>\n<p class=\" wall-content\">La direction estime \u00e0 environ 1\u2009500 le nombre de passages attendus pour la seule journ\u00e9e du 27\u00a0mai. Ce magasin est <strong>le premier de Normandie<\/strong>. \u00ab\u2009C\u2019est tr\u00e8s symbolique\u2009\u00bb, insiste Sabrina.<\/p>\n<p>Pourquoi Rouen\u2009?<\/p>\n<p class=\" wall-content\">Selon Sabrina Herlory-Rouget, <a href=\"https:\/\/actu.fr\/normandie\/rouen_76540\/nouveau-a-rouen-une-boutique-pour-adultes-tres-connue-a-ouvert-en-centre-ville_61632279.html\" rel=\"nofollow noopener\" target=\"_blank\">l\u2019implantation \u00e0 Rouen<\/a> faisait partie des projets de l\u2019entreprise depuis longtemps, mais le manque d\u2019emplacements adapt\u00e9s en centre-ville avait retard\u00e9 son aboutissement. \u00ab\u2009On a mis beaucoup de temps \u00e0 trouver un local, parce qu\u2019il n\u2019y en a pas beaucoup sur Rouen.\u2009\u00bb<\/p>\n<p class=\" wall-content\">C\u2019est donc <strong>au 18 rue Thouret<\/strong> que s\u2019installe la boutique. Un local qui a abrit\u00e9 le magasin de v\u00eatements le 18 avant d\u2019accueillir <a href=\"https:\/\/actu.fr\/normandie\/rouen_76540\/pourquoi-le-mix-laboratoire-des-mobilites-a-rouen-a-ferme-apres-deux-ans-d-existence_61257408.html\" rel=\"nofollow noopener\" target=\"_blank\">le Mix, laboratoire des mobilit\u00e9s innovantes<\/a> de la M\u00e9tropole Rouen Normandie. \u00ab\u2009Quand celui-ci nous a \u00e9t\u00e9 propos\u00e9, on s\u2019est pr\u00e9cipit\u00e9\u2009\u00bb.<\/p>\n<p class=\" wall-content\">Le magasin rouennais <strong>emploie une vingtaine de personnes<\/strong>. La marque pr\u00e9cise que les \u00e9quipes suivent des formations sp\u00e9cifiques sur plusieurs semaines, notamment en aromath\u00e9rapie, nutrition et formulation, afin d\u2019accompagner les clients dans l\u2019usage des produits.<\/p>\n<p class=\" wall-content\">Dans cette nouvelle boutique, Aroma Zone propose l\u2019int\u00e9gralit\u00e9 de son offre, \u00ab\u2009des best-sellers aux produits plus experts, de fond de catalogue\u2009\u00bb, souligne Sabrina.<\/p>\n<p>Aroma Zone, 18 rue Thouret \u00e0 Rouen. Du lundi au samedi, de 10h \u00e0 19h.<\/p>\n<p>Suivez l\u2019actualit\u00e9 de Rouen <a href=\"https:\/\/www.whatsapp.com\/channel\/0029VaKfnf99hXF2ddApFB1D\" rel=\"nofollow noopener\" target=\"_blank\">sur notre cha\u00eene WhatsApp<\/a> et <a href=\"https:\/\/www.tiktok.com\/@76actu.fr?lang=fr\" rel=\"nofollow noopener\" target=\"_blank\">sur notre compte TikTok<\/a><\/p>\n<p class=\" wall-content\">Suivez toute l\u2019actualit\u00e9 de vos villes et m\u00e9dias favoris en vous inscrivant \u00e0 <a href=\"https:\/\/moncompte.actu.fr\" title=\"D\u00e9couvez Mon Actu\" rel=\"nofollow noopener\" data-trk=\"{&quot;cta&quot;:{&quot;action&quot;:&quot;https:\\\/\\\/moncompte.actu.fr&quot;,&quot;category&quot;:&quot;mon compte&quot;,&quot;from&quot;:&quot;article footer&quot;,&quot;name&quot;:&quot;Mon actu&quot;,&quot;type&quot;:&quot;cta&quot;}}\" target=\"_blank\">Mon Actu<\/a>.<\/p>\n<ul class=\"ac-article-tag wall-content\">\n<li><a href=\"https:\/\/actu.fr\/tag\/bon-plan-a-rouen\" data-trk=\"{&quot;cta&quot;:{&quot;action&quot;:&quot;Bon plan \\u00e0 Rouen&quot;,&quot;category&quot;:&quot;tag&quot;,&quot;from&quot;:&quot;article footer&quot;,&quot;name&quot;:&quot;Bon plan \\u00e0 Rouen&quot;,&quot;type&quot;:&quot;cta&quot;}}\" rel=\"nofollow noopener\" target=\"_blank\">#Bon plan \u00e0 Rouen<\/a><\/li>\n<li><a href=\"https:\/\/actu.fr\/tag\/nouveaux-commerces\" data-trk=\"{&quot;cta&quot;:{&quot;action&quot;:&quot;Nouveaux commerces&quot;,&quot;category&quot;:&quot;tag&quot;,&quot;from&quot;:&quot;article footer&quot;,&quot;name&quot;:&quot;Nouveaux commerces&quot;,&quot;type&quot;:&quot;cta&quot;}}\" rel=\"nofollow noopener\" target=\"_blank\">#Nouveaux commerces<\/a><\/li>\n<\/ul>\n<p>                    <script async src=\"\/\/www.tiktok.com\/embed.js\"><\/script><\/p>\n","protected":false},"excerpt":{"rendered":"Par Jessie Leclerc Publi\u00e9 le 27 mai 2025 \u00e0 12h55 Il \u00e9tait \u00e0 peine 9h49 ce 27\u00a0mai 2025&hellip;\n","protected":false},"author":2,"featured_media":131699,"comment_status":"","ping_status":"","sticky":false,"template":"","format":"standard","meta":{"footnotes":""},"categories":[9587],"tags":[1111,11,9086,1777,674,1011,27,1652,12,5161,3147,25,9590],"class_list":{"0":"post-131698","1":"post","2":"type-post","3":"status-publish","4":"format-standard","5":"has-post-thumbnail","7":"category-rouen","8":"tag-actu","9":"tag-actualites","10":"tag-bon-plan-a-rouen","11":"tag-eu","12":"tag-europe","13":"tag-fr","14":"tag-france","15":"tag-loisirs-culture","16":"tag-news","17":"tag-normandie","18":"tag-nouveaux-commerces","19":"tag-republique-francaise","20":"tag-rouen"},"share_on_mastodon":{"url":"https:\/\/pubeurope.com\/@fr\/114579662581687352","error":""},"_links":{"self":[{"href":"https:\/\/www.europesays.com\/fr\/wp-json\/wp\/v2\/posts\/131698","targetHints":{"allow":["GET"]}}],"collection":[{"href":"https:\/\/www.europesays.com\/fr\/wp-json\/wp\/v2\/posts"}],"about":[{"href":"https:\/\/www.europesays.com\/fr\/wp-json\/wp\/v2\/types\/post"}],"author":[{"embeddable":true,"href":"https:\/\/www.europesays.com\/fr\/wp-json\/wp\/v2\/users\/2"}],"replies":[{"embeddable":true,"href":"https:\/\/www.europesays.com\/fr\/wp-json\/wp\/v2\/comments?post=131698"}],"version-history":[{"count":0,"href":"https:\/\/www.europesays.com\/fr\/wp-json\/wp\/v2\/posts\/131698\/revisions"}],"wp:featuredmedia":[{"embeddable":true,"href":"https:\/\/www.europesays.com\/fr\/wp-json\/wp\/v2\/media\/131699"}],"wp:attachment":[{"href":"https:\/\/www.europesays.com\/fr\/wp-json\/wp\/v2\/media?parent=131698"}],"wp:term":[{"taxonomy":"category","embeddable":true,"href":"https:\/\/www.europesays.com\/fr\/wp-json\/wp\/v2\/categories?post=131698"},{"taxonomy":"post_tag","embeddable":true,"href":"https:\/\/www.europesays.com\/fr\/wp-json\/wp\/v2\/tags?post=131698"}],"curies":[{"name":"wp","href":"https:\/\/api.w.org\/{rel}","templated":true}]}}