{"id":131704,"date":"2025-05-27T11:57:09","date_gmt":"2025-05-27T11:57:09","guid":{"rendered":"https:\/\/www.europesays.com\/fr\/131704\/"},"modified":"2025-05-27T11:57:09","modified_gmt":"2025-05-27T11:57:09","slug":"arme-et-masque-un-jeune-de-19-ans-arrete-en-plein-centre-ville","status":"publish","type":"post","link":"https:\/\/www.europesays.com\/fr\/131704\/","title":{"rendered":"Arm\u00e9 et masqu\u00e9, un jeune de 19 ans arr\u00eat\u00e9 en plein centre-ville"},"content":{"rendered":"<p>Les policiers sont constamment sur le qui-vive \u00e0 <a href=\"https:\/\/www.20minutes.fr\/grenoble\/\" class=\"color-ultramarine c-link\" rel=\"nofollow noopener\" target=\"_blank\">Grenoble<\/a> (<a href=\"https:\/\/www.20minutes.fr\/societe\/isere\/\" class=\"color-ultramarine c-link\" rel=\"nofollow noopener\" target=\"_blank\">Is\u00e8re<\/a>). Au vu de la recrudescence de la violence dans les rues de la ville, les agents de la brigade anti-criminalit\u00e9 (<a href=\"https:\/\/www.20minutes.fr\/dossier\/brigade_anti_criminalite\" class=\"color-ultramarine c-link\" rel=\"nofollow noopener\" target=\"_blank\">BAC<\/a>) ont d\u00e9cid\u00e9 de patrouiller dans le centre-ville dimanche en fin de soir\u00e9e. Selon <a href=\"https:\/\/www.ledauphine.com\/faits-divers-justice\/2025\/05\/26\/un-homme-arme-d-un-pistolet-approvisionne-arrete-par-la-police\" class=\"color-ultramarine c-link\" rel=\"nofollow noopener\" target=\"_blank\">Le Dauphin\u00e9 Lib\u00e9r\u00e9<\/a>, c\u2019est alors sur les coups de 19 heures qu\u2019ils ont aper\u00e7u un homme masqu\u00e9 en train de monter sur un scooter \u00e9lectrique dans le secteur de l\u2019Aigle.<\/p>\n<p>L\u2019homme de 19 ans, interpell\u00e9 dans la foul\u00e9e, \u00e9tait en possession d\u2019un pistolet P 38, une arme de calibre 9 mm. Il a \u00e9t\u00e9 interpell\u00e9 par les forces de l\u2019ordre.<\/p>\n<p>Le suspect devient incontr\u00f4lable<\/p>\n<p>Lorsqu\u2019ils se sont approch\u00e9s de lui, le jeune individu de 19 ans a pris ses jambes \u00e0 son cou. Les policiers l\u2019ont poursuivi et il est tomb\u00e9 au sol. Lors du contr\u00f4le, il a tent\u00e9 de s\u2019enfuir \u00e0 nouveau, en se d\u00e9menant.<\/p>\n<\/p>\n<p>Malgr\u00e9 son opposition, les gardiens de la paix ont pu le fouiller et d\u00e9couvrir une arme de poing dans sa sacoche. Celle-ci \u00e9tait approvisionn\u00e9e et pr\u00eate \u00e0 l\u2019emploi. L\u2019individu a \u00e9t\u00e9 plac\u00e9 en garde \u00e0 vue, o\u00f9 il a d\u00fb r\u00e9pondre de ses actes.<\/p>\n","protected":false},"excerpt":{"rendered":"Les policiers sont constamment sur le qui-vive \u00e0 Grenoble (Is\u00e8re). Au vu de la recrudescence de la violence&hellip;\n","protected":false},"author":2,"featured_media":131705,"comment_status":"","ping_status":"","sticky":false,"template":"","format":"standard","meta":{"footnotes":""},"categories":[9566],"tags":[1111,47,11,2430,1777,674,118,1011,27,2731,108,12,25,2431],"class_list":{"0":"post-131704","1":"post","2":"type-post","3":"status-publish","4":"format-standard","5":"has-post-thumbnail","7":"category-grenoble","8":"tag-actu","9":"tag-actualite","10":"tag-actualites","11":"tag-auvergne-rhone-alpes","12":"tag-eu","13":"tag-europe","14":"tag-faits-divers","15":"tag-fr","16":"tag-france","17":"tag-grenoble","18":"tag-isere","19":"tag-news","20":"tag-republique-francaise","21":"tag-rhone-alpes"},"share_on_mastodon":{"url":"https:\/\/pubeurope.com\/@fr\/114579678297749715","error":""},"_links":{"self":[{"href":"https:\/\/www.europesays.com\/fr\/wp-json\/wp\/v2\/posts\/131704","targetHints":{"allow":["GET"]}}],"collection":[{"href":"https:\/\/www.europesays.com\/fr\/wp-json\/wp\/v2\/posts"}],"about":[{"href":"https:\/\/www.europesays.com\/fr\/wp-json\/wp\/v2\/types\/post"}],"author":[{"embeddable":true,"href":"https:\/\/www.europesays.com\/fr\/wp-json\/wp\/v2\/users\/2"}],"replies":[{"embeddable":true,"href":"https:\/\/www.europesays.com\/fr\/wp-json\/wp\/v2\/comments?post=131704"}],"version-history":[{"count":0,"href":"https:\/\/www.europesays.com\/fr\/wp-json\/wp\/v2\/posts\/131704\/revisions"}],"wp:featuredmedia":[{"embeddable":true,"href":"https:\/\/www.europesays.com\/fr\/wp-json\/wp\/v2\/media\/131705"}],"wp:attachment":[{"href":"https:\/\/www.europesays.com\/fr\/wp-json\/wp\/v2\/media?parent=131704"}],"wp:term":[{"taxonomy":"category","embeddable":true,"href":"https:\/\/www.europesays.com\/fr\/wp-json\/wp\/v2\/categories?post=131704"},{"taxonomy":"post_tag","embeddable":true,"href":"https:\/\/www.europesays.com\/fr\/wp-json\/wp\/v2\/tags?post=131704"}],"curies":[{"name":"wp","href":"https:\/\/api.w.org\/{rel}","templated":true}]}}