{"id":131708,"date":"2025-05-27T11:59:11","date_gmt":"2025-05-27T11:59:11","guid":{"rendered":"https:\/\/www.europesays.com\/fr\/131708\/"},"modified":"2025-05-27T11:59:11","modified_gmt":"2025-05-27T11:59:11","slug":"ecrasee-par-un-camion-benne-dans-le-centre-ville-une-personne-agee-en-urgence-absolue","status":"publish","type":"post","link":"https:\/\/www.europesays.com\/fr\/131708\/","title":{"rendered":"\u00e9cras\u00e9e par un camion benne dans le centre-ville, une personne \u00e2g\u00e9e en urgence absolue"},"content":{"rendered":"<p>            Par<br \/>\n        <strong><br \/>\n            <a href=\"https:\/\/actu.fr\/auteur\/laurene-fertin\" title=\"Consulter tous les articles de Laur\u00e8ne Fertin\" rel=\"nofollow noopener\" target=\"_blank\">Laur\u00e8ne Fertin<\/a><br \/>\n        <\/strong><\/p>\n<p>        Publi\u00e9 le<\/p>\n<p>            27 mai 2025 \u00e0 12h57        <\/p>\n<p>Les <strong>circonstances<\/strong> de l\u2019accident n\u2019ont pas encore \u00e9t\u00e9 pr\u00e9cis\u00e9es. Ce mardi 27 mai 2025, une personne \u00e2g\u00e9e de <strong>85\u00a0ans<\/strong> s\u2019est retrouv\u00e9e sous les roues d\u2019un camion benne, indiquent les sapeurs-pompiers d\u2019Ille-et-Vilaine \u00e0 <a href=\"https:\/\/actu.fr\/rennes\/\" rel=\"nofollow noopener\" target=\"_blank\">actu Rennes,<\/a> confirmant <a href=\"https:\/\/www.ouest-france.fr\/societe\/faits-divers\/a-rennes-un-homme-de-80-ans-gravement-blesse-en-passant-sous-un-camion-benne-dans-le-centre-ville-b0f26006-3ae2-11f0-b71a-e87c40f434be\" rel=\"nofollow noopener\" target=\"_blank\">Ouest France<\/a>.<\/p>\n<p>Place de la Mairie<\/p>\n<p class=\" wall-content\">Les faits se sont d\u00e9roul\u00e9s vers 11\u2009h <strong>rue Ferdinand-Buisson<\/strong>, non loin de la <strong>place de la Mairie<\/strong>, dans l\u2019hypercentre de Rennes. L\u2019accident a n\u00e9cessit\u00e9 l\u2019intervention de <strong>dix sapeurs-pompiers<\/strong>.<\/p>\n<p>    <a href=\"https:\/\/www.google.com\/maps\/embed?pb=!1m18!1m12!1m3!1d2635.7399159274637!2d-1.6805647504374128!3d48.10984082442134!2m3!1f0!2f0!3f0!3m2!1i1024!2i768!4f13.1!3m3!1m2!1s0x480ede3470a52065%3A0x5db2ea8d0fa46c5a!2sRue%20Ferdinand%20Buisson%2C%2035000%20Rennes!5e1!3m2!1sfr!2sfr!4v1748343011062!5m2!1sfr!2sfr\" title=\"Ouvrie le lien\" rel=\"nofollow noopener\" target=\"_blank\">Cliquez ici pour visualiser le contenu<\/a><\/p>\n<p class=\" wall-content\">Selon les informations de la police, contact\u00e9e par la r\u00e9daction, il s\u2019agirait <strong>d\u2019une femme<\/strong> \u2013 les sapeurs-pompiers pr\u00e9cisent quant eux qu\u2019il s\u2019agit a priori d\u2019un homme.<\/p>\n<p>Vid\u00e9os : en ce moment sur ActuEn urgence absolue<\/p>\n<p class=\" wall-content\">L\u2019octog\u00e9naire a \u00e9t\u00e9 transport\u00e9(e) par les pompiers et le SAMU en <strong>urgence absolue.<\/strong> Nous ne connaissons pas, \u00e0 l\u2019heure o\u00f9 sont \u00e9crites ces lignes, son \u00e9tat de sant\u00e9.<\/p>\n<p class=\" wall-content\">Suivez toute l\u2019actualit\u00e9 de vos villes et m\u00e9dias favoris en vous inscrivant \u00e0 <a href=\"https:\/\/moncompte.actu.fr\" title=\"D\u00e9couvez Mon Actu\" rel=\"nofollow noopener\" data-trk=\"{&quot;cta&quot;:{&quot;action&quot;:&quot;https:\\\/\\\/moncompte.actu.fr&quot;,&quot;category&quot;:&quot;mon compte&quot;,&quot;from&quot;:&quot;article footer&quot;,&quot;name&quot;:&quot;Mon actu&quot;,&quot;type&quot;:&quot;cta&quot;}}\" target=\"_blank\">Mon Actu<\/a>.<\/p>\n","protected":false},"excerpt":{"rendered":"Par Laur\u00e8ne Fertin Publi\u00e9 le 27 mai 2025 \u00e0 12h57 Les circonstances de l\u2019accident n\u2019ont pas encore \u00e9t\u00e9&hellip;\n","protected":false},"author":2,"featured_media":131709,"comment_status":"","ping_status":"","sticky":false,"template":"","format":"standard","meta":{"footnotes":""},"categories":[2821],"tags":[1111,11,829,1777,674,118,1011,27,12,1072,1311,584,25],"class_list":{"0":"post-131708","1":"post","2":"type-post","3":"status-publish","4":"format-standard","5":"has-post-thumbnail","7":"category-rennes","8":"tag-actu","9":"tag-actualites","10":"tag-bretagne","11":"tag-eu","12":"tag-europe","13":"tag-faits-divers","14":"tag-fr","15":"tag-france","16":"tag-news","17":"tag-police","18":"tag-pompiers","19":"tag-rennes","20":"tag-republique-francaise"},"share_on_mastodon":{"url":"https:\/\/pubeurope.com\/@fr\/114579686319553681","error":""},"_links":{"self":[{"href":"https:\/\/www.europesays.com\/fr\/wp-json\/wp\/v2\/posts\/131708","targetHints":{"allow":["GET"]}}],"collection":[{"href":"https:\/\/www.europesays.com\/fr\/wp-json\/wp\/v2\/posts"}],"about":[{"href":"https:\/\/www.europesays.com\/fr\/wp-json\/wp\/v2\/types\/post"}],"author":[{"embeddable":true,"href":"https:\/\/www.europesays.com\/fr\/wp-json\/wp\/v2\/users\/2"}],"replies":[{"embeddable":true,"href":"https:\/\/www.europesays.com\/fr\/wp-json\/wp\/v2\/comments?post=131708"}],"version-history":[{"count":0,"href":"https:\/\/www.europesays.com\/fr\/wp-json\/wp\/v2\/posts\/131708\/revisions"}],"wp:featuredmedia":[{"embeddable":true,"href":"https:\/\/www.europesays.com\/fr\/wp-json\/wp\/v2\/media\/131709"}],"wp:attachment":[{"href":"https:\/\/www.europesays.com\/fr\/wp-json\/wp\/v2\/media?parent=131708"}],"wp:term":[{"taxonomy":"category","embeddable":true,"href":"https:\/\/www.europesays.com\/fr\/wp-json\/wp\/v2\/categories?post=131708"},{"taxonomy":"post_tag","embeddable":true,"href":"https:\/\/www.europesays.com\/fr\/wp-json\/wp\/v2\/tags?post=131708"}],"curies":[{"name":"wp","href":"https:\/\/api.w.org\/{rel}","templated":true}]}}