{"id":131712,"date":"2025-05-27T12:01:09","date_gmt":"2025-05-27T12:01:09","guid":{"rendered":"https:\/\/www.europesays.com\/fr\/131712\/"},"modified":"2025-05-27T12:01:09","modified_gmt":"2025-05-27T12:01:09","slug":"strasbourg-zeus-le-mythique-cheval-des-jo-de-paris-2024-est-arrive-sur-la-terrasse-du-palais-rohan","status":"publish","type":"post","link":"https:\/\/www.europesays.com\/fr\/131712\/","title":{"rendered":"Strasbourg. Zeus, le mythique cheval des JO de Paris 2024, est arriv\u00e9 sur la terrasse du palais Rohan"},"content":{"rendered":"<p>Zeus, le mythique cheval m\u00e9tallique qui avait galop\u00e9 sur la Seine pour la c\u00e9r\u00e9monie d\u2019ouverture des Jeux olympiques de Paris 2024 est expos\u00e9 \u00e0 Strasbourg du mardi 27\u00a0mai au dimanche 8\u00a0juin.<\/p>\n<p>Dans sa tourn\u00e9e europ\u00e9enne, l\u2019automate Zeus marque un arr\u00eat <a href=\"https:\/\/www.dna.fr\/jeux-olympiques\/2025\/05\/16\/zeus-le-mythique-cheval-metallique-des-jo-debarque-sur-la-terrasse-des-rohan\" target=\"_blank\" rel=\"nofollow noopener\">au milieu de la terrasse des Rohan<\/a>, au bord de l\u2019eau. Le destrier d\u2019argent est expos\u00e9 (sans son cavalier) sur un podium de pr\u00e9sentation. Cette installation est \u00ab\u00a0en acc\u00e8s libre et gratuit, dans la limite des jauges de fr\u00e9quentation\u00a0\u00bb.<\/p>\n<p>On peut aussi admirer Zeus depuis le quai des Bateliers, en face, et depuis le pont Sainte-Madeleine. \u0152uvre de l\u2019Atelier blam, soutenue par Sanofi, la monture mesure 2,50 de haut, 70\u00a0cm de large et quelque 3,8\u00a0m de long (avec la queue).<\/p>\n<p>Lors de la c\u00e9r\u00e9monie d&rsquo;ouverture des JO de Paris 2024, mise en sc\u00e8ne par Thomas Jolly, le cheval avait parcouru six kilom\u00e8tres sur la Seine, emmenant sa cavali\u00e8re et le drapeau olympique au Trocad\u00e9ro.<\/p>\n","protected":false},"excerpt":{"rendered":"Zeus, le mythique cheval m\u00e9tallique qui avait galop\u00e9 sur la Seine pour la c\u00e9r\u00e9monie d\u2019ouverture des Jeux olympiques&hellip;\n","protected":false},"author":2,"featured_media":131713,"comment_status":"","ping_status":"","sticky":false,"template":"","format":"standard","meta":{"footnotes":""},"categories":[2820],"tags":[1111,11,1687,2880,1777,674,107,1011,27,775,12,2661,25,640,2879],"class_list":{"0":"post-131712","1":"post","2":"type-post","3":"status-publish","4":"format-standard","5":"has-post-thumbnail","7":"category-strasbourg","8":"tag-actu","9":"tag-actualites","10":"tag-culture-loisirs","11":"tag-edition-strasbourg","12":"tag-eu","13":"tag-europe","14":"tag-fil-info","15":"tag-fr","16":"tag-france","17":"tag-grand-est","18":"tag-news","19":"tag-patrimoine-culturel","20":"tag-republique-francaise","21":"tag-strasbourg","22":"tag-strasbourg-ville"},"share_on_mastodon":{"url":"https:\/\/pubeurope.com\/@fr\/114579694173385593","error":""},"_links":{"self":[{"href":"https:\/\/www.europesays.com\/fr\/wp-json\/wp\/v2\/posts\/131712","targetHints":{"allow":["GET"]}}],"collection":[{"href":"https:\/\/www.europesays.com\/fr\/wp-json\/wp\/v2\/posts"}],"about":[{"href":"https:\/\/www.europesays.com\/fr\/wp-json\/wp\/v2\/types\/post"}],"author":[{"embeddable":true,"href":"https:\/\/www.europesays.com\/fr\/wp-json\/wp\/v2\/users\/2"}],"replies":[{"embeddable":true,"href":"https:\/\/www.europesays.com\/fr\/wp-json\/wp\/v2\/comments?post=131712"}],"version-history":[{"count":0,"href":"https:\/\/www.europesays.com\/fr\/wp-json\/wp\/v2\/posts\/131712\/revisions"}],"wp:featuredmedia":[{"embeddable":true,"href":"https:\/\/www.europesays.com\/fr\/wp-json\/wp\/v2\/media\/131713"}],"wp:attachment":[{"href":"https:\/\/www.europesays.com\/fr\/wp-json\/wp\/v2\/media?parent=131712"}],"wp:term":[{"taxonomy":"category","embeddable":true,"href":"https:\/\/www.europesays.com\/fr\/wp-json\/wp\/v2\/categories?post=131712"},{"taxonomy":"post_tag","embeddable":true,"href":"https:\/\/www.europesays.com\/fr\/wp-json\/wp\/v2\/tags?post=131712"}],"curies":[{"name":"wp","href":"https:\/\/api.w.org\/{rel}","templated":true}]}}