{"id":131729,"date":"2025-05-27T12:10:21","date_gmt":"2025-05-27T12:10:21","guid":{"rendered":"https:\/\/www.europesays.com\/fr\/131729\/"},"modified":"2025-05-27T12:10:21","modified_gmt":"2025-05-27T12:10:21","slug":"concours-deloquence-des-jeunes-voix-en-devenir","status":"publish","type":"post","link":"https:\/\/www.europesays.com\/fr\/131729\/","title":{"rendered":"Concours d\u2019\u00e9loquence, des jeunes voix en devenir"},"content":{"rendered":"<p style=\"font-weight: 400;\">Derri\u00e8re les regards concentr\u00e9s, les mains parfois crisp\u00e9es et les silences charg\u00e9s de trac, les discours fusent, puissants. \u00ab I have a dream \u00bb, r\u00e9sonne dans la salle. Comme Martin Luther King \u00e0 Washington en 1963 ou Nelson Mandela \u00e0 Pretoria en 1964, les jeunes orateurs prennent la parole avec conviction. Leurs mots, travaill\u00e9s pendant des mois, bouleversent par leur sinc\u00e9rit\u00e9, et leur force.<\/p>\n<p style=\"font-weight: 400;\">Depuis janvier, des ateliers d\u2019expression ont \u00e9t\u00e9 men\u00e9s dans les \u00e9coles, coll\u00e8ges, lyc\u00e9es, aux centres sociaux Assia Djebar et Basse Masure et au sein du P\u00f4le Ressource Jeunesse Nord.<\/p>\n<p style=\"font-weight: 400;\">Parmi les nombreux professionnels \u00e0 intervenir dans ces ateliers\u00a0; nous remercions l\u2019artiste Saher Mehri, l\u2019auteur Philippe Rollet, Fred speaker de Radio Boomerang, l\u2019association d\u2019\u00e9loquence de l\u2019association Bec et la Plume de Science Po Lille, l\u2019association Paroles Roubaisiennes, Eric Rigollaud (artiste au B.A.R et au festival \u00d4 la Voix), la Maison de la Justice et du Droit et les avocats\u00a0: Ma\u00eetre Ossama Dahmane, Ma\u00eetre Sophie Visade et Ma\u00eetre Joachim Wilquin.<\/p>\n<p style=\"font-weight: 400;\">Un \u0153il qui se balade, des mots parfois h\u00e9sitants, des mains qui tremblent, mais les jeunes ont appris \u00e0 structurer leur pens\u00e9e, porter leur voix, poser des silences. Un apprentissage rigoureux, transformateur et porteur de confiance.<\/p>\n<p style=\"font-weight: 400;\">Etaient pr\u00e9sents\u00a0: Les \u00e9coles Blaise Pascal, Anatole France, Gambetta, Voltaire-Diderot\u00a0; le coll\u00e8ge J-B Lebas, les coll\u00e8ges et lyc\u00e9es Van der Meersch et Th\u00e9odore Monod, le lyc\u00e9e ESAAT, les centres sociaux Assia Djebar et Basse Masure ainsi que le P\u00f4le Ressource Jeunesse Nord (PRJ).<\/p>\n<p style=\"font-weight: 400;\">Un moment fort de cette \u00e9dition a \u00e9t\u00e9 la rencontre avec Sylvia Turrel, t\u00e9moin directe du discours de Martin Luther King en 1963, qui a partag\u00e9 son \u00e9motion et inspir\u00e9 les jeunes avec la puissance des souvenirs.<\/p>\n<p style=\"font-weight: 400;\">Les candidats ont \u00e9t\u00e9 \u00e9valu\u00e9s par deux jurys compos\u00e9s de personnalit\u00e9s engag\u00e9es et expertes auxquels ont particip\u00e9s \u00e9galement Bryan et Khlalil les deux laur\u00e9ats 2024<\/p>\n<p style=\"font-weight: 400;\">Parmi les laur\u00e9ats 2025, ont \u00e9t\u00e9 r\u00e9compens\u00e9s comme \u00ab\u00a0premiers prix du jury\u00a0\u00bb\u00a0:<\/p>\n<ul>\n<li>Zakaria, repr\u00e9sentant le centre social Assia Djebar (cat\u00e9gorie coll\u00e8ges \/ lyc\u00e9es \/ structures sociales)<\/li>\n<li>Amira, de l\u2019\u00e9cole L\u00e9on Gambetta (cat\u00e9gorie \u00e9coles primaires)<\/li>\n<\/ul>\n<p style=\"font-weight: 400;\">Les jeunes orateurs sont repartis sous les applaudissements du public, la t\u00eate haute, des souvenirs plein le c\u0153ur et avec une exp\u00e9rience inoubliable.<\/p>\n","protected":false},"excerpt":{"rendered":"Derri\u00e8re les regards concentr\u00e9s, les mains parfois crisp\u00e9es et les silences charg\u00e9s de trac, les discours fusent, puissants.&hellip;\n","protected":false},"author":2,"featured_media":131730,"comment_status":"","ping_status":"","sticky":false,"template":"","format":"standard","meta":{"footnotes":""},"categories":[2815],"tags":[1111,11,25644,25645,1057,1777,674,1011,27,811,4075,1307,12,25],"class_list":{"0":"post-131729","1":"post","2":"type-post","3":"status-publish","4":"format-standard","5":"has-post-thumbnail","7":"category-lille","8":"tag-actu","9":"tag-actualites","10":"tag-cite-educative","11":"tag-concours-deloquence","12":"tag-education","13":"tag-eu","14":"tag-europe","15":"tag-fr","16":"tag-france","17":"tag-hauts-de-france","18":"tag-jeunesse","19":"tag-lille","20":"tag-news","21":"tag-republique-francaise"},"share_on_mastodon":{"url":"https:\/\/pubeurope.com\/@fr\/114579729574142769","error":""},"_links":{"self":[{"href":"https:\/\/www.europesays.com\/fr\/wp-json\/wp\/v2\/posts\/131729","targetHints":{"allow":["GET"]}}],"collection":[{"href":"https:\/\/www.europesays.com\/fr\/wp-json\/wp\/v2\/posts"}],"about":[{"href":"https:\/\/www.europesays.com\/fr\/wp-json\/wp\/v2\/types\/post"}],"author":[{"embeddable":true,"href":"https:\/\/www.europesays.com\/fr\/wp-json\/wp\/v2\/users\/2"}],"replies":[{"embeddable":true,"href":"https:\/\/www.europesays.com\/fr\/wp-json\/wp\/v2\/comments?post=131729"}],"version-history":[{"count":0,"href":"https:\/\/www.europesays.com\/fr\/wp-json\/wp\/v2\/posts\/131729\/revisions"}],"wp:featuredmedia":[{"embeddable":true,"href":"https:\/\/www.europesays.com\/fr\/wp-json\/wp\/v2\/media\/131730"}],"wp:attachment":[{"href":"https:\/\/www.europesays.com\/fr\/wp-json\/wp\/v2\/media?parent=131729"}],"wp:term":[{"taxonomy":"category","embeddable":true,"href":"https:\/\/www.europesays.com\/fr\/wp-json\/wp\/v2\/categories?post=131729"},{"taxonomy":"post_tag","embeddable":true,"href":"https:\/\/www.europesays.com\/fr\/wp-json\/wp\/v2\/tags?post=131729"}],"curies":[{"name":"wp","href":"https:\/\/api.w.org\/{rel}","templated":true}]}}