{"id":131731,"date":"2025-05-27T12:11:11","date_gmt":"2025-05-27T12:11:11","guid":{"rendered":"https:\/\/www.europesays.com\/fr\/131731\/"},"modified":"2025-05-27T12:11:11","modified_gmt":"2025-05-27T12:11:11","slug":"a-lille-bruce-springsteen-renouvelle-ses-attaques-contre-donald-trump-corrompu-et-incompetent","status":"publish","type":"post","link":"https:\/\/www.europesays.com\/fr\/131731\/","title":{"rendered":"\u00c0 Lille, Bruce Springsteen renouvelle ses attaques contre Donald Trump, \u00ab\u00a0corrompu et incomp\u00e9tent\u00a0\u00bb"},"content":{"rendered":"<p>Le rocker a critiqu\u00e9 le pr\u00e9sident des \u00c9tats-Unis lors de son concert au stade Pierre-Mauroy de Villeneuve-d\u2019Ascq le 24 mai.<\/p>\n<p class=\"fig-paragraph\">La hache de guerre entre\u00a0<a href=\"http:\/\/www.lefigaro.fr\/musique\/bruce-springsteen-vent-debout-contre-trump-sur-son-nouvel-ep-20250522\" data-fig-type=\"Article\" data-gtm-custom-categorie=\"navigation\" data-gtm-custom-action=\"crossclick\" data-gtm-custom-label=\"Contextuel\" data-gtm-event=\"customEventSPE\" data-fig-domain=\"LEFIGARO\" target=\"_blank\" rel=\"noopener\">Bruce Springsteen<\/a>\u00a0et\u00a0<a href=\"http:\/\/www.lefigaro.fr\/international\/la-niece-de-donald-trump-l-accuse-de-vouloir-etre-president-a-vie-20250525\" data-fig-type=\"Article\" data-gtm-custom-categorie=\"navigation\" data-gtm-custom-action=\"crossclick\" data-gtm-custom-label=\"Contextuel\" data-gtm-event=\"customEventSPE\" data-fig-domain=\"LEFIGARO\" target=\"_blank\" rel=\"noopener\">Donald Trump<\/a>\u00a0est loin d\u2019\u00eatre enterr\u00e9. Lors de son premier concert en France \u00e0<a href=\"http:\/\/www.lefigaro.fr\/actualite-france\/soiree-cauchemardesque-pour-les-usagers-du-metro-lillois-en-plein-concert-de-bruce-springsteen-20250525\" data-fig-type=\"NewsFlash\" data-gtm-custom-categorie=\"navigation\" data-gtm-custom-action=\"crossclick\" data-gtm-custom-label=\"Contextuel\" data-gtm-event=\"customEventSPE\" data-fig-domain=\"LEFIGARO\" target=\"_blank\" rel=\"noopener\">\u00a0la D\u00e9cathlon Arena de Villeneuve-d\u2019Ascq, pr\u00e8s de Lille<\/a>, le \u00ab\u00a0Boss\u00a0\u00bb, accompagn\u00e9 de son E Street Band, a de nouveau critiqu\u00e9 le pr\u00e9sident am\u00e9ricain.<\/p>\n<p class=\"fig-paragraph\">\u00ab L\u2019Am\u00e9rique sur laquelle j\u2019ai \u00e9crit a \u00e9t\u00e9 une terre de libert\u00e9 pendant plus de 250 ans. Elle est actuellement entre les mains d\u2019un homme corrompu et incomp\u00e9tent, a-t-il d\u00e9nonc\u00e9 le samedi 24 mai devant une foule de 65\u00a0000 spectateurs. Ce soir, nous demandons \u00e0 tous ceux qui croient en la d\u00e9mocratie de se lever avec nous, de faire entendre leur voix face \u00e0 l\u2019autoritarisme\u00a0\u00bb. L\u2019artiste de 75 ans a ensuite poursuivi son concert durant plus de 2 h 30 confie\u00a0<a href=\"https:\/\/www.lavoixdunord.fr\/1589154\/article\/2025-05-24\/un-homme-corrompu-et-incompetent-en-concert-lille-bruce-springsteen-charge\" target=\"_blank\" rel=\"nofollow noopener\" data-gtm-custom-categorie=\"navigation\" data-gtm-custom-action=\"crossclick\" data-gtm-custom-label=\"Contextuel\" data-gtm-event=\"customEventSPE\">le journal La Voix du Nord.<\/a> <\/p>\n<p class=\"fig-paragraph\">Soutien assum\u00e9 du parti d\u00e9mocrate, le chanteur avait tenu le m\u00eame discours lors du lancement de sa tourn\u00e9e europ\u00e9enne \u00e0 Manchester, le 14 mai. Ces propos avaient d\u00e9clench\u00e9 la col\u00e8re de Donald Trump qui a aussit\u00f4t insult\u00e9 le rocker de \u00ab\u00a0vieux pruneau dess\u00e9ch\u00e9\u00a0\u00bb, avant d\u2019ajouter\u00a0: \u00ab Je vois que Bruce Springsteen, compl\u00e8tement surcot\u00e9, est all\u00e9 dans un pays \u00e9tranger pour mal parler du pr\u00e9sident des \u00c9tats-Unis\u00a0\u00bb. Il a \u00e9galement reproch\u00e9 \u00e0 l\u2019interpr\u00e8te de Born in USA, comme \u00e0 Beyonc\u00e9 ou Taylor Swift, d\u2019avoir soutenu son opposante Kamala Harris &#8211; ce qui l\u2019a conduit \u00e0 r\u00e9clamer\u00a0<a href=\"http:\/\/www.lefigaro.fr\/international\/donald-trump-souhaite-une-enquete-majeure-sur-le-soutien-de-celebrites-a-kamala-harris-20250519\" data-fig-type=\"NewsFlash\" data-gtm-custom-categorie=\"navigation\" data-gtm-custom-action=\"crossclick\" data-gtm-custom-label=\"Contextuel\" data-gtm-event=\"customEventSPE\" data-fig-domain=\"LEFIGARO\" target=\"_blank\" rel=\"noopener\">l\u2019ouverture d\u2019une enqu\u00eate<\/a>.<\/p>\n<p>\u00ab Les musiciens ont droit \u00e0 la libert\u00e9 d\u2019expression\u00a0\u00bb<\/p>\n<p class=\"fig-paragraph\">En r\u00e9action, de nombreuses institutions ou personnalit\u00e9s ont apport\u00e9 leur soutien \u00e0 Bruce Springsteen. \u00ab\u00a0Les musiciens ont droit \u00e0 la libert\u00e9 d\u2019expression\u00a0\u00bb, a \u00e9crit dans un communiqu\u00e9<a href=\"https:\/\/www.afm.org\/2025\/05\/afm-statement-on-trump-attacking-members-bruce-springsteen-and-taylor-swift\/\" target=\"_blank\" rel=\"nofollow noopener\" data-gtm-custom-categorie=\"navigation\" data-gtm-custom-action=\"crossclick\" data-gtm-custom-label=\"Contextuel\" data-gtm-event=\"customEventSPE\">\u00a0La f\u00e9d\u00e9ration des musiciens am\u00e9ricains.<\/a> \u00a0\u00ab\u00a0Arr\u00eate de te soucier de ce que les rockers disent de toi et pense plut\u00f4t \u00e0 sauver les \u00c9tats-Unis du chaos que tu as foutu\u00a0\u00bb, a r\u00e9pondu de son c\u00f4t\u00e9 le chanteur Neil Young.<\/p>\n<p class=\"fig-paragraph\">Mercredi 21 mai, Bruce Springsteen\u00a0<a href=\"http:\/\/www.lefigaro.fr\/musique\/bruce-springsteen-vent-debout-contre-trump-sur-son-nouvel-ep-20250522\" data-fig-type=\"Article\" data-gtm-custom-categorie=\"navigation\" data-gtm-custom-action=\"crossclick\" data-gtm-custom-label=\"Contextuel\" data-gtm-event=\"customEventSPE\" data-fig-domain=\"LEFIGARO\" target=\"_blank\" rel=\"noopener\">a publi\u00e9 l\u2019EP live Land of Hope &amp; Dreams<\/a> . Ce disque contient des titres enregistr\u00e9s lors de son concert \u00e0 Manchester ainsi que son discours contre Trump. Le septuag\u00e9naire poursuivra sa tourn\u00e9e avec une deuxi\u00e8me date \u00e0 Lille ce 27 mai avant de s\u2019envoler pour Marseille le 31. Nul doute que l\u2019artiste lancera de nouveaux reproches au pr\u00e9sident am\u00e9ricain.<\/p>\n","protected":false},"excerpt":{"rendered":"Le rocker a critiqu\u00e9 le pr\u00e9sident des \u00c9tats-Unis lors de son concert au stade Pierre-Mauroy de Villeneuve-d\u2019Ascq le&hellip;\n","protected":false},"author":2,"featured_media":131732,"comment_status":"","ping_status":"","sticky":false,"template":"","format":"standard","meta":{"footnotes":""},"categories":[2815],"tags":[1111,11,2937,23078,2932,2935,1696,2934,1697,75,2933,1777,674,1011,27,811,1307,873,2936,1698,12,25],"class_list":{"0":"post-131731","1":"post","2":"type-post","3":"status-publish","4":"format-standard","5":"has-post-thumbnail","7":"category-lille","8":"tag-actu","9":"tag-actualites","10":"tag-artistes","11":"tag-bruce-springsteen","12":"tag-cd","13":"tag-chansons","14":"tag-chanteur","15":"tag-chason","16":"tag-concert","17":"tag-donald-trump","18":"tag-dvd","19":"tag-eu","20":"tag-europe","21":"tag-fr","22":"tag-france","23":"tag-hauts-de-france","24":"tag-lille","25":"tag-musique","26":"tag-musique-classique","27":"tag-musiques","28":"tag-news","29":"tag-republique-francaise"},"share_on_mastodon":{"url":"https:\/\/pubeurope.com\/@fr\/114579733484557496","error":""},"_links":{"self":[{"href":"https:\/\/www.europesays.com\/fr\/wp-json\/wp\/v2\/posts\/131731","targetHints":{"allow":["GET"]}}],"collection":[{"href":"https:\/\/www.europesays.com\/fr\/wp-json\/wp\/v2\/posts"}],"about":[{"href":"https:\/\/www.europesays.com\/fr\/wp-json\/wp\/v2\/types\/post"}],"author":[{"embeddable":true,"href":"https:\/\/www.europesays.com\/fr\/wp-json\/wp\/v2\/users\/2"}],"replies":[{"embeddable":true,"href":"https:\/\/www.europesays.com\/fr\/wp-json\/wp\/v2\/comments?post=131731"}],"version-history":[{"count":0,"href":"https:\/\/www.europesays.com\/fr\/wp-json\/wp\/v2\/posts\/131731\/revisions"}],"wp:featuredmedia":[{"embeddable":true,"href":"https:\/\/www.europesays.com\/fr\/wp-json\/wp\/v2\/media\/131732"}],"wp:attachment":[{"href":"https:\/\/www.europesays.com\/fr\/wp-json\/wp\/v2\/media?parent=131731"}],"wp:term":[{"taxonomy":"category","embeddable":true,"href":"https:\/\/www.europesays.com\/fr\/wp-json\/wp\/v2\/categories?post=131731"},{"taxonomy":"post_tag","embeddable":true,"href":"https:\/\/www.europesays.com\/fr\/wp-json\/wp\/v2\/tags?post=131731"}],"curies":[{"name":"wp","href":"https:\/\/api.w.org\/{rel}","templated":true}]}}