{"id":131733,"date":"2025-05-27T12:12:07","date_gmt":"2025-05-27T12:12:07","guid":{"rendered":"https:\/\/www.europesays.com\/fr\/131733\/"},"modified":"2025-05-27T12:12:07","modified_gmt":"2025-05-27T12:12:07","slug":"la-presidente-de-lupe13-tire-la-sonnette-dalarme","status":"publish","type":"post","link":"https:\/\/www.europesays.com\/fr\/131733\/","title":{"rendered":"la pr\u00e9sidente de l&rsquo;UPE13 \u00ab\u00a0tire la sonnette d&rsquo;alarme\u00a0\u00bb"},"content":{"rendered":"<p>Proximit\u00e9, terrain et actions\u2026 concr\u00e8tes. L&rsquo;Union des entreprises de proximit\u00e9 (U2P) des Bouches-du-Rh\u00f4ne a, il y a quelques mois d\u00e9j\u00e0, attir\u00e9 l&rsquo;attention sur <a href=\"https:\/\/www.laprovence.com\/article\/economie\/5776092781646114\/un-des-rares-leviers-dascenseur-social-quel-avenir-pour-lapprentissage-en-paca\" target=\"_blank\" rel=\"nofollow noopener\">les probl\u00e9matiques que rencontre la fili\u00e8re apprentissage<\/a>. \u00ab\u00a0Je ne peux que tirer la sonnette d&rsquo;alarme face \u00e0 la chute brutale des contrats d&rsquo;apprentissage observ\u00e9e en ce d\u00e9but d&rsquo;ann\u00e9e 2025. Avec une baisse de 14 % des entr\u00e9es en janvier et m\u00eame plus de 20 % pour les formations de l&rsquo;enseignement sup\u00e9rieur, c&rsquo;est une dynamique vertueuse enclench\u00e9e depuis plusieurs ann\u00e9es qui est aujourd&rsquo;hui menac\u00e9e\u00a0\u00bb, plaide Catherine Val\u00e8s, pr\u00e9sidente.<\/p>\n","protected":false},"excerpt":{"rendered":"Proximit\u00e9, terrain et actions\u2026 concr\u00e8tes. L&rsquo;Union des entreprises de proximit\u00e9 (U2P) des Bouches-du-Rh\u00f4ne a, il y a quelques&hellip;\n","protected":false},"author":2,"featured_media":131734,"comment_status":"","ping_status":"","sticky":false,"template":"","format":"standard","meta":{"footnotes":""},"categories":[2814],"tags":[17,1111,11,9776,33,1777,674,1011,27,25646,25647,884,12,19924,882,4190,25,9775,19455],"class_list":{"0":"post-131733","1":"post","2":"type-post","3":"status-publish","4":"format-standard","5":"has-post-thumbnail","7":"category-marseille","8":"tag-17","9":"tag-actu","10":"tag-actualites","11":"tag-dalarme","12":"tag-economie","13":"tag-eu","14":"tag-europe","15":"tag-fr","16":"tag-france","17":"tag-lapprentissage","18":"tag-lupe13","19":"tag-marseille","20":"tag-news","21":"tag-presidente","22":"tag-provence-alpes-cote-dazur","23":"tag-reforme","24":"tag-republique-francaise","25":"tag-sonnette","26":"tag-tire"},"share_on_mastodon":{"url":"https:\/\/pubeurope.com\/@fr\/114579737469864936","error":""},"_links":{"self":[{"href":"https:\/\/www.europesays.com\/fr\/wp-json\/wp\/v2\/posts\/131733","targetHints":{"allow":["GET"]}}],"collection":[{"href":"https:\/\/www.europesays.com\/fr\/wp-json\/wp\/v2\/posts"}],"about":[{"href":"https:\/\/www.europesays.com\/fr\/wp-json\/wp\/v2\/types\/post"}],"author":[{"embeddable":true,"href":"https:\/\/www.europesays.com\/fr\/wp-json\/wp\/v2\/users\/2"}],"replies":[{"embeddable":true,"href":"https:\/\/www.europesays.com\/fr\/wp-json\/wp\/v2\/comments?post=131733"}],"version-history":[{"count":0,"href":"https:\/\/www.europesays.com\/fr\/wp-json\/wp\/v2\/posts\/131733\/revisions"}],"wp:featuredmedia":[{"embeddable":true,"href":"https:\/\/www.europesays.com\/fr\/wp-json\/wp\/v2\/media\/131734"}],"wp:attachment":[{"href":"https:\/\/www.europesays.com\/fr\/wp-json\/wp\/v2\/media?parent=131733"}],"wp:term":[{"taxonomy":"category","embeddable":true,"href":"https:\/\/www.europesays.com\/fr\/wp-json\/wp\/v2\/categories?post=131733"},{"taxonomy":"post_tag","embeddable":true,"href":"https:\/\/www.europesays.com\/fr\/wp-json\/wp\/v2\/tags?post=131733"}],"curies":[{"name":"wp","href":"https:\/\/api.w.org\/{rel}","templated":true}]}}