{"id":131739,"date":"2025-05-27T12:15:16","date_gmt":"2025-05-27T12:15:16","guid":{"rendered":"https:\/\/www.europesays.com\/fr\/131739\/"},"modified":"2025-05-27T12:15:16","modified_gmt":"2025-05-27T12:15:16","slug":"lyon-les-projets-culturels-a-venir-dici-fin-2027","status":"publish","type":"post","link":"https:\/\/www.europesays.com\/fr\/131739\/","title":{"rendered":"Lyon : les projets culturels \u00e0 venir d&rsquo;ici fin 2027"},"content":{"rendered":"<p>La Ville De Lyon modernise ses \u00e9quipements culturels pour les adapter aux enjeux d&rsquo;aujourd&rsquo;hui. Focus sur les Subsistances, un des nombreux projets embl\u00e9matiques de cette transformation culturelle.<\/p>\n<p>Dans le cadre d&rsquo;un programme ambitieux port\u00e9 par une enveloppe de<b> 144 millions d&rsquo;euros<\/b> depuis le d\u00e9but du mandat de Gr\u00e9gory Doucet, la Ville de Lyon engage la r\u00e9novation de ses infrastructures culturelles.<\/p>\n<p>De nombreux projets culturels\u00a0<\/p>\n<p><b>Depuis 2020<\/b>, Lyon a lanc\u00e9<b> 361 projets<\/b> de r\u00e9novation dans le cadre de sa \u00ab\u00a0Programmation Pluriannuelle d&rsquo;Investissement.\u00a0\u00bb\u00a0<\/p>\n<p>Sur l&rsquo;ann\u00e9e 2024, c&rsquo;est plus de <b>68 projets<\/b> qui ont \u00e9t\u00e9 r\u00e9alis\u00e9s et <b>60 projets<\/b> sont en cours durant l&rsquo;ann\u00e9e 2025.<\/p>\n<p>La mairie souhaite d\u00e9velopper la culture en suivant quatre grands axes :\u00a0<\/p>\n<p>&#8211; \u00e9mancipation<\/p>\n<p>&#8211; coop\u00e9ration<\/p>\n<p>&#8211; cr\u00e9ation<\/p>\n<p>&#8211; transition \u00e9cologique<\/p>\n<p>Les Subsistances : le grand chantier \u00e0 6,3 millions d&rsquo;euros<\/p>\n<p>Les Subsistances, avec <b>un budget de 6,3 millions d&rsquo;euros,<\/b> visent \u00e0 moderniser les infrastructures en renfor\u00e7ant l&rsquo;accessibilit\u00e9 notamment pour les personnes \u00e0 mobilit\u00e9 r\u00e9duite.<\/p>\n<p><b>D\u00e8s octobre 2025<\/b>, trois b\u00e2timents majeurs des Subsistances feront peau neuve. Le b\u00e2timent 19, \u00e0 l&rsquo;entr\u00e9e du site, sera transform\u00e9 pour devenir un espace ouvert et accueillant, avec de nouvelles baies vitr\u00e9es offrant une ouverture sur l&rsquo;espace publique.<\/p>\n<tr>\n<td class=\"defaut\"><a href=\"https:\/\/www.radioscoop.com\/infos\/javascript:void(0)\" onclick=\"parent.RS.diaporama.addMedia(694053) ;\" target=\"_blank\" rel=\"noopener\"><img loading=\"lazy\" decoding=\"async\" src=\"https:\/\/www.europesays.com\/fr\/wp-content\/uploads\/2025\/05\/1748348115_73_img\" width=\"640\" height=\"393\" border=\"0\" title=\"R\u00e9novation aux Subsistances pour juin 2027 \u00a9 Radio SCOOP\/ Lirone Nabet\"\/><\/a><\/td>\n<\/tr>\n<tr\/>\n<p>La r\u00e9habilitation du b\u00e2timent Couvent permettra d&rsquo;accueillir les bureaux des Nouvelles Subsistances. La r\u00e9novation du b\u00e2timent 15 entra\u00eenera l&rsquo;implantation des Pratiques Artistiques Amateurs de l&rsquo;ENSBA.<\/p>\n<p>Les travaux d\u00e9buteront en<b> octobre 2025.<\/b>\u00a0La fin est pr\u00e9vue en <b>juin 2027<\/b>.<\/p>\n<tr>\n<td class=\"defaut\"><a href=\"https:\/\/www.radioscoop.com\/infos\/javascript:void(0)\" onclick=\"parent.RS.diaporama.addMedia(694027) ;\" target=\"_blank\" rel=\"noopener\"><img loading=\"lazy\" decoding=\"async\" src=\"https:\/\/www.europesays.com\/fr\/wp-content\/uploads\/2025\/05\/1748348116_782_img\" width=\"640\" height=\"430\" border=\"0\" title=\"Photo sur la r\u00e9novation aux Subsistances pour juin 2027 \u00a9 Radio SCOOP\/ Lirone Nabet\"\/><\/a><\/td>\n<\/tr>\n<tr\/>\n<p>La Villa Gillet se r\u00e9nove<\/p>\n<p>Les Subsistances ne seront pas les seules \u00e0 b\u00e9n\u00e9ficier de grandes r\u00e9novations.<\/p>\n<p><b>La Villa Gillet (Lyon 4)<\/b> b\u00e9n\u00e9ficiera de nombreux travaux de r\u00e9novation pour pouvoir d\u00e9velopper :<\/p>\n<p>&#8211; son activit\u00e9 de r\u00e9sidences d&rsquo;auteurs<\/p>\n<p>&#8211; l&rsquo;accueil du public avec une mise en accessibilit\u00e9 du b\u00e2timent<\/p>\n<p>&#8211; la modernisation de la salle de th\u00e9\u00e2tre<\/p>\n<p>Les travaux d\u00e9buteront en <b>avril 2026<\/b> et la fin est pr\u00e9vue en <b>octobre 2027,\u00a0<\/b>avec un co\u00fbt de l&rsquo;op\u00e9ration qui s&rsquo;\u00e9l\u00e8ve \u00e0 <b>4,35 millions d&rsquo;euros<\/b>.<\/p>\n<p>Ateliers de la danse Kennedy, op\u00e9ration d&rsquo;envergure<\/p>\n<p>Les <b>ateliers de la danse Kennedy (Lyon 8)<\/b> aura droit \u00e0 une op\u00e9ration structurante pour les arts chor\u00e9graphiques.<\/p>\n<p>La Ville de Lyon et la Maison de la danse seront dot\u00e9es d&rsquo;un lieu de cr\u00e9ation et de soutien aux compagnies et d&rsquo;\u00e9ducation culturelle.<\/p>\n<p>Le b\u00e2timent pr\u00e9vu d&rsquo;\u00eatre livr\u00e9 en <b>ao\u00fbt 2026<\/b> s&rsquo;inscrira dans les engagements climatiques de la municipalit\u00e9 \u00e0<b> l&rsquo;horizon 2030<\/b>.<\/p>\n<p>Le co\u00fbt de l&rsquo;op\u00e9ration s&rsquo;\u00e9l\u00e8ve \u00e0 <b>24,5 millions d&rsquo;euros<\/b> dont <b>6,3 millions d&rsquo;euros<\/b> de l&rsquo;\u00c9tat.<\/p>\n<p>M\u00e9diath\u00e8que Marceline Desbordes-Valmore<\/p>\n<p>La <b>m\u00e9diath\u00e8que Marceline Desbordes-Valmore (Lyon 9e)<\/b> aura un r\u00e9am\u00e9nagement int\u00e9rieur d&rsquo;envergure qui est pr\u00e9vu<b> entre 2026 et 2027<\/b>.<\/p>\n<p>L&rsquo;objectif est d&rsquo;avoir une r\u00e9novation thermique compl\u00e8te permettant ainsi un meilleur confort pour les usagers et le personnel.<\/p>\n<p>Le budget s&rsquo;\u00e9l\u00e8ve \u00e0 <b>3,4 millions d&rsquo;euros<\/b>, avec une aide de la Ville de Lyon et l&rsquo;\u00c9tat.<\/p>\n<p>Des lieux de culture \u00e0 Lyon d\u00e9j\u00e0 finalis\u00e9s<\/p>\n<p>L&rsquo;<b>Auditorium (Lyon 3e)<\/b> a d\u00e9j\u00e0 eu deux op\u00e9rations :<\/p>\n<p>&#8211; L&rsquo;am\u00e9lioration acoustique de la grande salle (2023) avec l&rsquo;installation de r\u00e9flecteurs\u00a0 suspendus<\/p>\n<p>&#8211; La r\u00e9novation compl\u00e8te de la salle \u00ab\u00a0Proton\u00a0\u00bb (2023-2024) avec une isolation thermique biosourc\u00e9e et une optimisation des usages pour r\u00e9p\u00e9titions et les concerts<\/p>\n<p>Le co\u00fbt de ces deux op\u00e9rations a \u00e9t\u00e9 de <b>1,54 millions d&rsquo;euros<\/b> avec <b>650.000 euros de l&rsquo;\u00c9tat<\/b><\/p>\n<p>Le <b>th\u00e9\u00e2tre Nouvelle G\u00e9n\u00e9ration (Lyon 9)<\/b> a b\u00e9n\u00e9fici\u00e9 d&rsquo;une r\u00e9habilitation in\u00e9dite depuis 40 ans :\u00a0<\/p>\n<p>&#8211; \u00e9largissement de la cage de sc\u00e8ne<\/p>\n<p>&#8211; une isolation thermique\u00a0<\/p>\n<p>&#8211; une am\u00e9lioration des conditions de travail et un meilleur confort pour le public<\/p>\n<p>Le budget total pour ce projet a \u00e9t\u00e9 de <b>4,6 millions d&rsquo;euros<\/b>, dont <b>1,5 millions d&rsquo;euros financ\u00e9s par l&rsquo;\u00c9tat<\/b>.<\/p>\n<p><img loading=\"lazy\" decoding=\"async\" src=\"https:\/\/www.europesays.com\/fr\/wp-content\/uploads\/2025\/05\/1748348116_583_img\" width=\"350\" height=\"200\" border=\"0\" title=\"Le r\u00c3\u00a9sultat final de l'\u00c3\u0089cole de Botanique\"\/><\/p>\n<p>\u25baSoci\u00e9t\u00e9<\/p>\n<p style=\"font-size: 22px;\"><b>[PHOTOS] Lyon : voici \u00e0 quoi va ressembler le Parc de la T\u00eate d&rsquo;Or en 2027<\/b><\/p>\n<p>Depuis 2020, le Parc de la T\u00eate d&rsquo;Or se transforme&#8230;<\/p>\n<p><\/p>\n","protected":false},"excerpt":{"rendered":"La Ville De Lyon modernise ses \u00e9quipements culturels pour les adapter aux enjeux d&rsquo;aujourd&rsquo;hui. Focus sur les Subsistances,&hellip;\n","protected":false},"author":2,"featured_media":131740,"comment_status":"","ping_status":"","sticky":false,"template":"","format":"standard","meta":{"footnotes":""},"categories":[1889],"tags":[1111,11,2430,251,1777,674,1011,27,25650,2428,12,4916,25649,25,25648],"class_list":{"0":"post-131739","1":"post","2":"type-post","3":"status-publish","4":"format-standard","5":"has-post-thumbnail","7":"category-lyon","8":"tag-actu","9":"tag-actualites","10":"tag-auvergne-rhone-alpes","11":"tag-culture","12":"tag-eu","13":"tag-europe","14":"tag-fr","15":"tag-france","16":"tag-grgory-doucet","17":"tag-lyon","18":"tag-news","19":"tag-projets","20":"tag-rnovation","21":"tag-republique-francaise","22":"tag-subsistances"},"share_on_mastodon":{"url":"https:\/\/pubeurope.com\/@fr\/114579749371769682","error":""},"_links":{"self":[{"href":"https:\/\/www.europesays.com\/fr\/wp-json\/wp\/v2\/posts\/131739","targetHints":{"allow":["GET"]}}],"collection":[{"href":"https:\/\/www.europesays.com\/fr\/wp-json\/wp\/v2\/posts"}],"about":[{"href":"https:\/\/www.europesays.com\/fr\/wp-json\/wp\/v2\/types\/post"}],"author":[{"embeddable":true,"href":"https:\/\/www.europesays.com\/fr\/wp-json\/wp\/v2\/users\/2"}],"replies":[{"embeddable":true,"href":"https:\/\/www.europesays.com\/fr\/wp-json\/wp\/v2\/comments?post=131739"}],"version-history":[{"count":0,"href":"https:\/\/www.europesays.com\/fr\/wp-json\/wp\/v2\/posts\/131739\/revisions"}],"wp:featuredmedia":[{"embeddable":true,"href":"https:\/\/www.europesays.com\/fr\/wp-json\/wp\/v2\/media\/131740"}],"wp:attachment":[{"href":"https:\/\/www.europesays.com\/fr\/wp-json\/wp\/v2\/media?parent=131739"}],"wp:term":[{"taxonomy":"category","embeddable":true,"href":"https:\/\/www.europesays.com\/fr\/wp-json\/wp\/v2\/categories?post=131739"},{"taxonomy":"post_tag","embeddable":true,"href":"https:\/\/www.europesays.com\/fr\/wp-json\/wp\/v2\/tags?post=131739"}],"curies":[{"name":"wp","href":"https:\/\/api.w.org\/{rel}","templated":true}]}}