{"id":131761,"date":"2025-05-27T12:26:12","date_gmt":"2025-05-27T12:26:12","guid":{"rendered":"https:\/\/www.europesays.com\/fr\/131761\/"},"modified":"2025-05-27T12:26:12","modified_gmt":"2025-05-27T12:26:12","slug":"sto-les-oublies-de-la-victoire-un-documentaire-qui-rehabilite-la-memoire-blessee-des-jeunes-livres-aux-nazis-pour-travailler-en-allemagne","status":"publish","type":"post","link":"https:\/\/www.europesays.com\/fr\/131761\/","title":{"rendered":"\u00ab\u00a0STO, les oubli\u00e9s de la victoire\u00a0\u00bb\u00a0: un documentaire qui r\u00e9habilite la m\u00e9moire bless\u00e9e des jeunes livr\u00e9s aux nazis pour travailler en Allemagne"},"content":{"rendered":"<p>Ils s\u2019appelaient Roger, Ren\u00e9, Jacques, R\u00e9my, \u00c9tienne ou Gabriel. Comme 650\u00a0000 jeunes Fran\u00e7ais, dont le seul tort \u00e9tait d\u2019\u00eatre n\u00e9 au d\u00e9but des ann\u00e9es 1920, ils ont \u00e9t\u00e9 sacrifi\u00e9s par leur gouvernement, et livr\u00e9s aux nazis pour aller travailler en Allemagne.<\/p>\n<p>Le formidable film de Lucie Pastor et Paul Le Grouyer retrace <a href=\"https:\/\/www.humanite.fr\/culture-et-savoir\/sto\/septembre-1942-le-sto-quand-vichy-offrait-des-travailleurs-au-reich\" target=\"_blank\" rel=\"noopener\">l\u2019histoire du Service du travail obligatoire, mis en place par le gouvernement de Vichy en 1942<\/a>. Les deux auteurs content aussi cette histoire tragique, puisque ces hommes, envoy\u00e9s de force loin de chez eux, ont souvent v\u00e9cu dans des conditions dramatiques, connu <a href=\"https:\/\/www.humanite.fr\/en-debat\/2e-guerre-mondiale\/toutes-les-rues-etaient-gravees-en-lignes-de-feu-dresde-1945-un-crime-contre-lhumanite\" target=\"_blank\" rel=\"noopener\">les bombardements alli\u00e9s<\/a>, vu certains de leurs camarades mourir. Et ils ont longtemps, apr\u00e8s la guerre, \u00e9t\u00e9 mal consid\u00e9r\u00e9s.<\/p>\n<p>La France de Vichy, bonne \u00e9l\u00e8ve du STO<\/p>\n<p>Le film, tr\u00e8s document\u00e9, rappelle les faits\u00a0: l\u2019Allemagne, qui d\u00e9vore alors ses enfants sur tous les fronts, a un besoin cruel de main-d\u2019\u0153uvre pour faire tourner ses industries et ses campagnes. Partout en Europe, les nazis obligent donc les \u00c9tats \u00e0 leur fournir des quotas de jeunes gens, de pr\u00e9f\u00e9rence ouvriers qualifi\u00e9s. La France sera la tr\u00e8s bonne \u00e9l\u00e8ve de ce dispositif, puisqu\u2019elle instaure une obligation pour ces gar\u00e7ons, quitte \u00e0 aller les chercher sans m\u00e9nagement.<\/p>\n<p>Le froid, la faim, les brimades, et surtout vivre loin des siens, sans r\u00e9el espoir de retour est dans tous les t\u00e9moignages. L\u2019habilet\u00e9 du documentaire consiste \u00e0 donner la parole \u00e0 quelques survivants de cette p\u00e9riode, mais aussi \u00e0 leurs descendants, enfants et petits-enfants.<\/p>\n<p>La plupart d\u2019entre eux se sont tus. Et comme le montre l\u2019affaire <a href=\"https:\/\/www.humanite.fr\/medias\/documentaire\/georges-marchais-haut-et-fort-au-nom-du-peuple-de-france-774344\" target=\"_blank\" rel=\"noopener\">Georges Marchais, ancien secr\u00e9taire g\u00e9n\u00e9ral du PCF<\/a>, qui a \u00e9t\u00e9 envoy\u00e9 en Allemagne dans ce cadre, et accus\u00e9 d\u2019\u00eatre un collaborateur, rares sont les moments o\u00f9 l\u2019opprobre n\u2019a pas \u00e9t\u00e9 jet\u00e9 sur eux. Entre lettres, journaux intimes, carnets et surtout t\u00e9moignages de proches, il aura fallu attendre 2008 pour que l\u2019\u00c9tat reconnaisse le pr\u00e9judice qu\u2019ils ont subi.<\/p>\n<p class=\"wp-block-huma-titre-oeuvre\">STO, les oubli\u00e9s de la victoire, France 3, mercredi 28\u00a0mai \u00e0 21\u00a0h\u00a005.<\/p>\n<p>Le journal des intelligences libres<\/p>\n<p>\u00ab C\u2019est par des informations \u00e9tendues et exactes que nous voudrions donner \u00e0 toutes les intelligences libres <strong>le moyen de comprendre et de juger elles-m\u00eames les \u00e9v\u00e9nements du monde<\/strong>. \u00bb<br \/>Tel \u00e9tait <strong>\u00ab\u00a0Notre but\u00a0\u00bb<\/strong>, comme l\u2019\u00e9crivait Jean Jaur\u00e8s dans le premier \u00e9ditorial de l\u2019Humanit\u00e9.<br \/><strong>120 ans plus tard, il n\u2019a pas chang\u00e9. <br \/>Gr\u00e2ce \u00e0 vous. <\/strong><br \/>Soutenez-nous\u00a0! Votre don sera d\u00e9fiscalis\u00e9\u00a0: donner 5\u20ac vous reviendra \u00e0 1.65\u20ac. Le prix d\u2019un caf\u00e9.<br \/><a href=\"https:\/\/www.humanite.fr\/lhumanite-cest-vous\" target=\"_blank\" rel=\"noopener\">Je veux en savoir plus\u00a0!<\/a><\/p>\n","protected":false},"excerpt":{"rendered":"Ils s\u2019appelaient Roger, Ren\u00e9, Jacques, R\u00e9my, \u00c9tienne ou Gabriel. Comme 650\u00a0000 jeunes Fran\u00e7ais, dont le seul tort \u00e9tait&hellip;\n","protected":false},"author":2,"featured_media":131762,"comment_status":"","ping_status":"","sticky":false,"template":"","format":"standard","meta":{"footnotes":""},"categories":[1587],"tags":[11,672,1804,1805,1803,1190,1777,674,876,1801,16684,12,1802,25651,11142],"class_list":{"0":"post-131761","1":"post","2":"type-post","3":"status-publish","4":"format-standard","5":"has-post-thumbnail","7":"category-allemagne","8":"tag-actualites","9":"tag-allemagne","10":"tag-bundesrepublik-deutschland","11":"tag-de","12":"tag-deutschland","13":"tag-documentaire","14":"tag-eu","15":"tag-europe","16":"tag-france-3","17":"tag-germany","18":"tag-nazisme","19":"tag-news","20":"tag-republique-federale-dallemagne","21":"tag-sto","22":"tag-vichy"},"share_on_mastodon":{"url":"https:\/\/pubeurope.com\/@fr\/114579792384470121","error":""},"_links":{"self":[{"href":"https:\/\/www.europesays.com\/fr\/wp-json\/wp\/v2\/posts\/131761","targetHints":{"allow":["GET"]}}],"collection":[{"href":"https:\/\/www.europesays.com\/fr\/wp-json\/wp\/v2\/posts"}],"about":[{"href":"https:\/\/www.europesays.com\/fr\/wp-json\/wp\/v2\/types\/post"}],"author":[{"embeddable":true,"href":"https:\/\/www.europesays.com\/fr\/wp-json\/wp\/v2\/users\/2"}],"replies":[{"embeddable":true,"href":"https:\/\/www.europesays.com\/fr\/wp-json\/wp\/v2\/comments?post=131761"}],"version-history":[{"count":0,"href":"https:\/\/www.europesays.com\/fr\/wp-json\/wp\/v2\/posts\/131761\/revisions"}],"wp:featuredmedia":[{"embeddable":true,"href":"https:\/\/www.europesays.com\/fr\/wp-json\/wp\/v2\/media\/131762"}],"wp:attachment":[{"href":"https:\/\/www.europesays.com\/fr\/wp-json\/wp\/v2\/media?parent=131761"}],"wp:term":[{"taxonomy":"category","embeddable":true,"href":"https:\/\/www.europesays.com\/fr\/wp-json\/wp\/v2\/categories?post=131761"},{"taxonomy":"post_tag","embeddable":true,"href":"https:\/\/www.europesays.com\/fr\/wp-json\/wp\/v2\/tags?post=131761"}],"curies":[{"name":"wp","href":"https:\/\/api.w.org\/{rel}","templated":true}]}}